{"id":16455,"date":"2021-06-26T13:52:00","date_gmt":"2021-06-26T17:52:00","guid":{"rendered":"https:\/\/mirausa.net\/?p=16455"},"modified":"2025-05-04T23:56:01","modified_gmt":"2025-05-05T04:56:01","slug":"taller-virtual-como-hacer-un-uso-efectivo-de-la-red-profesional-linkedin-en-la-busqueda-de-empleo","status":"publish","type":"post","link":"https:\/\/mirausa.net\/?p=16455","title":{"rendered":"Taller Virtual: C\u00f3mo hacer un uso efectivo de la red profesional LinkedIn en la b\u00fasqueda de empleo."},"content":{"rendered":"\n<p>En el taller virtual: C\u00f3mo hacer un uso efectivo de la red profesional LinkedIn en la b\u00fasqueda de empleo, realizado el s\u00e1bado 26 de junio de 2021, nuestra panelista invitada, Laura Molinares, brind\u00f3 importante informaci\u00f3n sobre el uso de Linkedin.&nbsp;<\/p>\n\n\n\n<p>Entre las recomendaciones para optimizar el perfil de Linkedin y hacer de esta red profesional una puerta abierta para conseguir un empleo, tenemos:&nbsp;<\/p>\n\n\n\n<ul class=\"wp-block-list\"><li>Agregar una foto de perfil en la que se vea claramente nuestro rostro.&nbsp;<\/li><li>Completar el perfil, incluir un resumen con toda su informaci\u00f3n, adicional podemos agregar cursos realizados y toda nuestra trayectoria acad\u00e9mica.&nbsp;&nbsp;<\/li><li>Incluir nuestras habilidades, ejemplo si es dise\u00f1ador puede agregar las herramientas que sabe utilizar como la suite de Adobe o si es un perfil administrativo, mencionar que sabe el uso de un programa espec\u00edfico de contabilidad.&nbsp;<\/li><\/ul>\n\n\n\n<p>Otro tema de gran importancia, es el networking, el cual se puede realizar en LinkedIn, relacion\u00e1ndonos con profesionales de nuestra misma \u00e1rea.&nbsp;<\/p>\n\n\n\n<p>Al final del taller, los asistentes tuvieron la oportunidad de realizar sus preguntas y asimismo obtener las respuestas a todas sus inquietudes.&nbsp;<\/p>\n\n\n\n<p>Te invitamos a ver la grabaci\u00f3n completa del taller: <\/p>\n\n\n\n<p><\/p>\n\n\n\n<figure class=\"wp-block-embed is-type-video is-provider-youtube wp-block-embed-youtube wp-embed-aspect-16-9 wp-has-aspect-ratio\"><div class=\"wp-block-embed__wrapper\">\n<iframe title=\"\ud83d\udc49 TALLER VIRTUAL: Uso efectivo de LinkedIn en la b\u00fasqueda de empleo\" width=\"1170\" height=\"658\" src=\"https:\/\/www.youtube.com\/embed\/aTrkGsS61m8?feature=oembed\" frameborder=\"0\" allow=\"accelerometer; autoplay; clipboard-write; encrypted-media; gyroscope; picture-in-picture; web-share\" referrerpolicy=\"strict-origin-when-cross-origin\" allowfullscreen><\/iframe>\n<\/div><\/figure>\n","protected":false},"excerpt":{"rendered":"<p>En el taller virtual: C\u00f3mo hacer un uso efectivo de la red profesional LinkedIn en la b\u00fasqueda de empleo, realizado el s\u00e1bado 26 de junio de 2021, nuestra panelista invitada, [&hellip;]<\/p>\n","protected":false},"author":1,"featured_media":16456,"comment_status":"closed","ping_status":"open","sticky":false,"template":"","format":"standard","meta":{"_acf_changed":false,"footnotes":""},"categories":[1307,378],"tags":[448],"class_list":["post-16455","post","type-post","status-publish","format-standard","has-post-thumbnail","hentry","category-resumen-de-eventos","category-talleres","tag-seminarios"],"acf":[],"_links":{"self":[{"href":"https:\/\/mirausa.net\/index.php?rest_route=\/wp\/v2\/posts\/16455","targetHints":{"allow":["GET"]}}],"collection":[{"href":"https:\/\/mirausa.net\/index.php?rest_route=\/wp\/v2\/posts"}],"about":[{"href":"https:\/\/mirausa.net\/index.php?rest_route=\/wp\/v2\/types\/post"}],"author":[{"embeddable":true,"href":"https:\/\/mirausa.net\/index.php?rest_route=\/wp\/v2\/users\/1"}],"replies":[{"embeddable":true,"href":"https:\/\/mirausa.net\/index.php?rest_route=%2Fwp%2Fv2%2Fcomments&post=16455"}],"version-history":[{"count":1,"href":"https:\/\/mirausa.net\/index.php?rest_route=\/wp\/v2\/posts\/16455\/revisions"}],"predecessor-version":[{"id":26670,"href":"https:\/\/mirausa.net\/index.php?rest_route=\/wp\/v2\/posts\/16455\/revisions\/26670"}],"wp:featuredmedia":[{"embeddable":true,"href":"https:\/\/mirausa.net\/index.php?rest_route=\/wp\/v2\/media\/16456"}],"wp:attachment":[{"href":"https:\/\/mirausa.net\/index.php?rest_route=%2Fwp%2Fv2%2Fmedia&parent=16455"}],"wp:term":[{"taxonomy":"category","embeddable":true,"href":"https:\/\/mirausa.net\/index.php?rest_route=%2Fwp%2Fv2%2Fcategories&post=16455"},{"taxonomy":"post_tag","embeddable":true,"href":"https:\/\/mirausa.net\/index.php?rest_route=%2Fwp%2Fv2%2Ftags&post=16455"}],"curies":[{"name":"wp","href":"https:\/\/api.w.org\/{rel}","templated":true}]}}