{"id":17253,"date":"2022-03-24T23:20:53","date_gmt":"2022-03-25T03:20:53","guid":{"rendered":"https:\/\/mirausa.net\/?p=17253"},"modified":"2022-03-24T23:20:53","modified_gmt":"2022-03-25T03:20:53","slug":"prensa-entrevista-la-vision-atlanta","status":"publish","type":"post","link":"https:\/\/mirausa.net\/?p=17253","title":{"rendered":"PRENSA | Entrevista La Visi\u00f3n Atlanta"},"content":{"rendered":"\n<p>Este jueves 24 de marzo, tuvimos la oportunidad de participar en una entrevista en el medio de comunicaci\u00f3n La Visi\u00f3n, donde compartimos una invitaci\u00f3n muy especial a nuestro pr\u00f3ximo taller virtual: Mujeres Emprendedoras en la Era Digital. <\/p>\n\n\n\n<p>Tambi\u00e9n hablamos sobre nuestros pr\u00f3ximos talleres y la importancia de estar actualizados frente a la tecnolog\u00eda y medios sociales en la actualidad. <\/p>\n\n\n\n<p>Para asistir al taller solo debes regristrarte en el link: <a href=\"https:\/\/www.youtube.com\/redirect?event=video_description&amp;redir_token=QUFFLUhqa0IyWDAxSUE3TGVuTkFNN21hNjdhMXpnUG1mQXxBQ3Jtc0tsRzVOc3p3czd5VEVrN2N4UGxfY2VzNi1VcnNzVEdLTVJVTnljb0VDQ05QN1ZIUUwxUVMxeVFZZFBiUF93cHFqRWhHVzB6YkVYTlVuZHgyU3Q1SDRLVHdpYXR5OUxZMFpMQlFDUEwteTYtOHZUMzJkSQ&amp;q=https%3A%2F%2Frebrand.ly%2Fmujer-era-digital\" rel=\"noreferrer noopener\" target=\"_blank\">https:\/\/rebrand.ly\/mujer-era-digital<\/a> <\/p>\n\n\n\n<p>\ud83d\uddd3 S\u00e1bado 26 de marzo <\/p>\n\n\n\n<p>\u23f0 11am hora este \u2022 10am hora centro<\/p>\n\n\n\n<p><strong>Te invitamos a ver la entrevista aqu\u00ed:<\/strong><\/p>\n\n\n\n<figure class=\"wp-block-embed is-type-video is-provider-youtube wp-block-embed-youtube wp-embed-aspect-16-9 wp-has-aspect-ratio\"><div class=\"wp-block-embed__wrapper\">\n<iframe title=\"En La Visi\u00f3n Atlanta hablamos de nuestro pr\u00f3ximo taller para mujeres emprendedoras\" width=\"1170\" height=\"658\" src=\"https:\/\/www.youtube.com\/embed\/PiL1x1-cxoo?feature=oembed\" frameborder=\"0\" allow=\"accelerometer; autoplay; clipboard-write; encrypted-media; gyroscope; picture-in-picture; web-share\" referrerpolicy=\"strict-origin-when-cross-origin\" allowfullscreen><\/iframe>\n<\/div><\/figure>\n","protected":false},"excerpt":{"rendered":"<p>Este jueves 24 de marzo, tuvimos la oportunidad de participar en una entrevista en el medio de comunicaci\u00f3n La Visi\u00f3n, donde compartimos una invitaci\u00f3n muy especial a nuestro pr\u00f3ximo taller [&hellip;]<\/p>\n","protected":false},"author":1,"featured_media":17254,"comment_status":"closed","ping_status":"open","sticky":false,"template":"","format":"standard","meta":{"_acf_changed":false,"footnotes":""},"categories":[121],"tags":[525],"class_list":["post-17253","post","type-post","status-publish","format-standard","has-post-thumbnail","hentry","category-noticias","tag-seminarios-es"],"acf":[],"_links":{"self":[{"href":"https:\/\/mirausa.net\/index.php?rest_route=\/wp\/v2\/posts\/17253","targetHints":{"allow":["GET"]}}],"collection":[{"href":"https:\/\/mirausa.net\/index.php?rest_route=\/wp\/v2\/posts"}],"about":[{"href":"https:\/\/mirausa.net\/index.php?rest_route=\/wp\/v2\/types\/post"}],"author":[{"embeddable":true,"href":"https:\/\/mirausa.net\/index.php?rest_route=\/wp\/v2\/users\/1"}],"replies":[{"embeddable":true,"href":"https:\/\/mirausa.net\/index.php?rest_route=%2Fwp%2Fv2%2Fcomments&post=17253"}],"version-history":[{"count":0,"href":"https:\/\/mirausa.net\/index.php?rest_route=\/wp\/v2\/posts\/17253\/revisions"}],"wp:featuredmedia":[{"embeddable":true,"href":"https:\/\/mirausa.net\/index.php?rest_route=\/wp\/v2\/media\/17254"}],"wp:attachment":[{"href":"https:\/\/mirausa.net\/index.php?rest_route=%2Fwp%2Fv2%2Fmedia&parent=17253"}],"wp:term":[{"taxonomy":"category","embeddable":true,"href":"https:\/\/mirausa.net\/index.php?rest_route=%2Fwp%2Fv2%2Fcategories&post=17253"},{"taxonomy":"post_tag","embeddable":true,"href":"https:\/\/mirausa.net\/index.php?rest_route=%2Fwp%2Fv2%2Ftags&post=17253"}],"curies":[{"name":"wp","href":"https:\/\/api.w.org\/{rel}","templated":true}]}}