{"id":18078,"date":"2022-04-23T13:20:00","date_gmt":"2022-04-23T17:20:00","guid":{"rendered":"https:\/\/mirausa.net\/?p=18078"},"modified":"2025-05-04T23:55:57","modified_gmt":"2025-05-05T04:55:57","slug":"taller-virtual-preparate-para-la-entrevista-de-trabajo-2","status":"publish","type":"post","link":"https:\/\/mirausa.net\/?p=18078","title":{"rendered":"Taller virtual: Prep\u00e1rate Para La Entrevista de Trabajo.\ufffc"},"content":{"rendered":"\n<p>El s\u00e1bado 23 de abril realizamos el Taller Virtual: Prep\u00e1rate para la Entrevista de Trabajo, como parte de nuestra Serie de Talleres en b\u00fasqueda de empleo. <\/p>\n\n\n\n<p>Los temas que se aprendieron fueron: <\/p>\n\n\n\n<p>&#8211; Recomendaciones generales para la b\u00fasqueda de trabajo <\/p>\n\n\n\n<p>&#8211; Prop\u00f3sito de una entrevista de trabajo <\/p>\n\n\n\n<p>&#8211; C\u00f3mo prepararse para la entrevista. <\/p>\n\n\n\n<p>&#8211; Algunas preguntas comunes. <\/p>\n\n\n\n<p>&#8211; Qu\u00e9 hacer despu\u00e9s de la entrevista <\/p>\n\n\n\n<p>&#8211; Manejo del nerviosismo. <\/p>\n\n\n\n<p>Agradecemos a todas las personas que se conectaron en vivo y participaron con sus preguntas. Tambi\u00e9n los invitamos a ver la grabaci\u00f3n de este taller: <\/p>\n\n\n\n<figure class=\"wp-block-embed is-type-video is-provider-youtube wp-block-embed-youtube wp-embed-aspect-16-9 wp-has-aspect-ratio\"><div class=\"wp-block-embed__wrapper\">\n<iframe title=\"Taller virtual: Prep\u00e1rate Para La Entrevista de Trabajo.\" width=\"1170\" height=\"658\" src=\"https:\/\/www.youtube.com\/embed\/9KFK4s4bdJQ?feature=oembed\" frameborder=\"0\" allow=\"accelerometer; autoplay; clipboard-write; encrypted-media; gyroscope; picture-in-picture; web-share\" referrerpolicy=\"strict-origin-when-cross-origin\" allowfullscreen><\/iframe>\n<\/div><\/figure>\n","protected":false},"excerpt":{"rendered":"<p>El s\u00e1bado 23 de abril realizamos el Taller Virtual: Prep\u00e1rate para la Entrevista de Trabajo, como parte de nuestra Serie de Talleres en b\u00fasqueda de empleo. Los temas que se [&hellip;]<\/p>\n","protected":false},"author":1,"featured_media":18079,"comment_status":"closed","ping_status":"open","sticky":false,"template":"","format":"standard","meta":{"_acf_changed":false,"footnotes":""},"categories":[1307,378],"tags":[448],"class_list":["post-18078","post","type-post","status-publish","format-standard","has-post-thumbnail","hentry","category-resumen-de-eventos","category-talleres","tag-seminarios"],"acf":[],"_links":{"self":[{"href":"https:\/\/mirausa.net\/index.php?rest_route=\/wp\/v2\/posts\/18078","targetHints":{"allow":["GET"]}}],"collection":[{"href":"https:\/\/mirausa.net\/index.php?rest_route=\/wp\/v2\/posts"}],"about":[{"href":"https:\/\/mirausa.net\/index.php?rest_route=\/wp\/v2\/types\/post"}],"author":[{"embeddable":true,"href":"https:\/\/mirausa.net\/index.php?rest_route=\/wp\/v2\/users\/1"}],"replies":[{"embeddable":true,"href":"https:\/\/mirausa.net\/index.php?rest_route=%2Fwp%2Fv2%2Fcomments&post=18078"}],"version-history":[{"count":1,"href":"https:\/\/mirausa.net\/index.php?rest_route=\/wp\/v2\/posts\/18078\/revisions"}],"predecessor-version":[{"id":26645,"href":"https:\/\/mirausa.net\/index.php?rest_route=\/wp\/v2\/posts\/18078\/revisions\/26645"}],"wp:featuredmedia":[{"embeddable":true,"href":"https:\/\/mirausa.net\/index.php?rest_route=\/wp\/v2\/media\/18079"}],"wp:attachment":[{"href":"https:\/\/mirausa.net\/index.php?rest_route=%2Fwp%2Fv2%2Fmedia&parent=18078"}],"wp:term":[{"taxonomy":"category","embeddable":true,"href":"https:\/\/mirausa.net\/index.php?rest_route=%2Fwp%2Fv2%2Fcategories&post=18078"},{"taxonomy":"post_tag","embeddable":true,"href":"https:\/\/mirausa.net\/index.php?rest_route=%2Fwp%2Fv2%2Ftags&post=18078"}],"curies":[{"name":"wp","href":"https:\/\/api.w.org\/{rel}","templated":true}]}}