{"id":19137,"date":"2022-09-27T20:37:40","date_gmt":"2022-09-28T00:37:40","guid":{"rendered":"https:\/\/mirausa.net\/?p=19137"},"modified":"2022-09-27T20:37:40","modified_gmt":"2022-09-28T00:37:40","slug":"feria-de-vivienda-atlanta-aplazada-por-huracan-ian","status":"publish","type":"post","link":"https:\/\/mirausa.net\/?p=19137","title":{"rendered":"Feria de vivienda Atlanta aplazada por hurac\u00e1n Ian."},"content":{"rendered":"\n<p><strong>Feria de vivienda Atlanta aplazada por hurac\u00e1n Ian.<\/strong><\/p>\n\n\n\n<p><strong>EL GOBERNADOR BRIAN KEMP ORDENA ACTIVACI\u00d3N DE EMERGENCIA<\/strong><\/p>\n\n\n\n<p>Atlanta, Georgia \u2013 La Organizaci\u00f3n MIRA USA informa que la Feria de Vivienda que se ha anunciado para la fecha del 1\u00b0 de octubre en el centro comercial Plaza Fiesta de la ciudad de Atlanta, ser\u00e1 aplazada para el s\u00e1bado 8 de octubre en el mismo lugar, debido a la activaci\u00f3n de emergencia por el Hurac\u00e1n IAN.<\/p>\n\n\n\n<p>Esta medida se ha tomado por la seguridad de todo el p\u00fablico interesado en asistir al evento y por las medidas de emergencia activadas por el Gobernador.<\/p>\n\n\n\n<p>Invitamos a todas las personas interesadas de Georgia y sus alrededores, e incluso de otros Estados, a estar atentos a nuestra p\u00e1gina web <a href=\"http:\/\/www.mirausa.net\/feriadevivienda\">www.mirausa.net\/feriadevivienda<\/a> y redes sociales (@MIRAUSAOficial) donde estaremos brindando detalles de la Feria de Vivienda, la cual seguir\u00e1 en pie en la fecha mencionada al principio de este comunicado. Agradecemos su comprensi\u00f3n en este imprevisto el cual hace parte de un evento de la naturaleza, en medio del cual deseamos que permanezcan protegidos junto a sus familias.<\/p>\n\n\n\n<figure class=\"wp-block-gallery has-nested-images columns-default is-cropped wp-block-gallery-1 is-layout-flex wp-block-gallery-is-layout-flex\">\n<figure class=\"wp-block-image size-large\"><a href=\"https:\/\/mirausa.net\/wp-content\/uploads\/2022\/09\/aplazamiento-feria2.jpg\"><img fetchpriority=\"high\" decoding=\"async\" width=\"1024\" height=\"576\" data-id=\"19141\" src=\"https:\/\/mirausa.net\/wp-content\/uploads\/2022\/09\/aplazamiento-feria2-1024x576.jpg\" alt=\"\" class=\"wp-image-19141\" srcset=\"https:\/\/mirausa.net\/wp-content\/uploads\/2022\/09\/aplazamiento-feria2-1024x576.jpg 1024w, https:\/\/mirausa.net\/wp-content\/uploads\/2022\/09\/aplazamiento-feria2-300x169.jpg 300w, https:\/\/mirausa.net\/wp-content\/uploads\/2022\/09\/aplazamiento-feria2-768x432.jpg 768w, https:\/\/mirausa.net\/wp-content\/uploads\/2022\/09\/aplazamiento-feria2.jpg 1280w\" sizes=\"(max-width: 1024px) 100vw, 1024px\" \/><\/a><\/figure>\n<\/figure>\n","protected":false},"excerpt":{"rendered":"<p>Feria de vivienda Atlanta aplazada por hurac\u00e1n Ian. EL GOBERNADOR BRIAN KEMP ORDENA ACTIVACI\u00d3N DE EMERGENCIA Atlanta, Georgia \u2013 La Organizaci\u00f3n MIRA USA informa que la Feria de Vivienda que [&hellip;]<\/p>\n","protected":false},"author":1,"featured_media":19141,"comment_status":"closed","ping_status":"open","sticky":false,"template":"","format":"standard","meta":{"_acf_changed":false,"footnotes":""},"categories":[121],"tags":[],"class_list":["post-19137","post","type-post","status-publish","format-standard","has-post-thumbnail","hentry","category-noticias"],"acf":[],"_links":{"self":[{"href":"https:\/\/mirausa.net\/index.php?rest_route=\/wp\/v2\/posts\/19137","targetHints":{"allow":["GET"]}}],"collection":[{"href":"https:\/\/mirausa.net\/index.php?rest_route=\/wp\/v2\/posts"}],"about":[{"href":"https:\/\/mirausa.net\/index.php?rest_route=\/wp\/v2\/types\/post"}],"author":[{"embeddable":true,"href":"https:\/\/mirausa.net\/index.php?rest_route=\/wp\/v2\/users\/1"}],"replies":[{"embeddable":true,"href":"https:\/\/mirausa.net\/index.php?rest_route=%2Fwp%2Fv2%2Fcomments&post=19137"}],"version-history":[{"count":0,"href":"https:\/\/mirausa.net\/index.php?rest_route=\/wp\/v2\/posts\/19137\/revisions"}],"wp:featuredmedia":[{"embeddable":true,"href":"https:\/\/mirausa.net\/index.php?rest_route=\/wp\/v2\/media\/19141"}],"wp:attachment":[{"href":"https:\/\/mirausa.net\/index.php?rest_route=%2Fwp%2Fv2%2Fmedia&parent=19137"}],"wp:term":[{"taxonomy":"category","embeddable":true,"href":"https:\/\/mirausa.net\/index.php?rest_route=%2Fwp%2Fv2%2Fcategories&post=19137"},{"taxonomy":"post_tag","embeddable":true,"href":"https:\/\/mirausa.net\/index.php?rest_route=%2Fwp%2Fv2%2Ftags&post=19137"}],"curies":[{"name":"wp","href":"https:\/\/api.w.org\/{rel}","templated":true}]}}