{"id":23625,"date":"2012-07-09T03:05:28","date_gmt":"2012-07-09T03:05:28","guid":{"rendered":"https:\/\/mirausa.net\/wpmirausa\/mira-usa-presente-en-desfile-colombiano-en-elizabeth-nj\/"},"modified":"2025-05-04T23:39:05","modified_gmt":"2025-05-05T04:39:05","slug":"mira-usa-presente-en-desfile-colombiano-en-elizabeth-nj","status":"publish","type":"post","link":"https:\/\/mirausa.net\/?p=23625","title":{"rendered":"MIRA USA \u201cpresente\u201d en desfile colombiano en Elizabeth, NJ"},"content":{"rendered":"<p><img decoding=\"async\" src=\"images\/stories\/desfile-colombiano-elizabeth-nj-image.jpg\" width=\"200\" style=\"margin-right: 10px; float: left;\" \/>Elizabeth, Nueva Jersey &#8211; Con la llegada del mes de julio en el que se conmemora la fiesta patria de Colombia, las calles de esta ciudad en el estado de Nueva Jersey, se vistieron de color, m\u00fasica y baile, al paso del tradicional \u201cDesfile Colombiano de Elizabeth&#8221;, que en su recorrido atrajo centenares de espectadores. Este desfile cont\u00f3 entre los invitados especiales a Jorge Meneses, el \u00fanico alcalde de origen colombiano en Estados Unidos, elegido en la localidad de Hackensack. Gladys Cifuentes, la c\u00f3nsul general de Colombia en ese estado, as\u00ed como el se\u00f1or Jaime Buenahora, representante de los colombianos en el exterior, hicieron parte de la lista de invitados ilustres, al igual que Chris Bollwage, alcalde de Elizabeth, NJ y Alex Blanco, alcalde de Passaic, NJ.<\/p>\n<p>Ver fotos <a href=\"http:\/\/www.flickr.com\/photos\/mirausa\/sets\/72157630389612034\/\" target=\"_blank\" rel=\"noopener noreferrer\">aqui<\/a>.<\/p>\n<p> <!--more--> <\/p>\n<p>Cabe resaltar, que el \u201cblue team\u201d como es llamado el grupo de MIRA USA, fue reconocido por el alcalde Bollwage, quien desde el desfile se acerc\u00f3 para saludar y manifestar su agradecimiento a la labor que MIRA USA realiza en esta localidad. El equipo de MIRA USA no solo estuvo presente, sino que tambi\u00e9n brill\u00f3 con el l\u00edder mira\u00edsta Jorge Mu\u00f1oz, que fue invitado especial del evento junto a otras personalidades locales.<\/p>\n<p>El calor del pasado 1 de julio no fue excusa para que la comunidad en general disfrutara del espect\u00e1culo en el que delegaciones de Colombia, Bolivia, Ecuador, Per\u00fa y Uruguay, y carrosas de comerciantes del \u00e1rea se hicieron participes para apoyar y demostrar que el pa\u00eds \u201ccafetero\u201d se lleva a todos los rincones del planeta.<br \/>Mira\u00edstas del sector que estaban entre el p\u00fablico tambi\u00e9n participaron y animaron a las representaciones que estuvieron en el desfile, el cual es organizado por la instituci\u00f3n \u201cColombianos sin Fronteras\u201d.<\/p>\n<p>Ese d\u00eda, el alcalde de Elizabeth efect\u00fao un acto de reconocimiento al comercio de la zona al que llam\u00f3 oficialmente el \u201cDistrito Colombiano\u201d, y le hizo entrega de una placa que ser\u00eda colocada a la entrada de las calles donde operan los negocios.<\/p>\n<p>&nbsp;<\/p>\n<p><object id=\"o\" width=\"550\" height=\"450\" data=\"http:\/\/apps.cooliris.com\/embed\/cooliris.swf\" type=\"application\/x-shockwave-flash\"><param name=\"movie\" value=\"http:\/\/apps.cooliris.com\/embed\/cooliris.swf\" \/><param name=\"wmode\" value=\"opaque\" \/><param name=\"allowFullScreen\" value=\"true\" \/><param name=\"allowScriptAccess\" value=\"always\" \/><param name=\"flashvars\" value=\"feed=api:\/\/www.flickr.com\/?album=72157630389612034&amp;numRows=3&amp;style=light&amp;showNavArrows=false\" \/><\/object><\/p>\n","protected":false},"excerpt":{"rendered":"<p>Elizabeth, Nueva Jersey &#8211; Con la llegada del mes de julio en el que se conmemora la fiesta patria de Colombia, las calles de esta ciudad en el estado de [&hellip;]<\/p>\n","protected":false},"author":1,"featured_media":0,"comment_status":"open","ping_status":"open","sticky":false,"template":"","format":"standard","meta":{"_acf_changed":false,"footnotes":""},"categories":[121],"tags":[],"class_list":["post-23625","post","type-post","status-publish","format-standard","hentry","category-noticias"],"acf":[],"_links":{"self":[{"href":"https:\/\/mirausa.net\/index.php?rest_route=\/wp\/v2\/posts\/23625","targetHints":{"allow":["GET"]}}],"collection":[{"href":"https:\/\/mirausa.net\/index.php?rest_route=\/wp\/v2\/posts"}],"about":[{"href":"https:\/\/mirausa.net\/index.php?rest_route=\/wp\/v2\/types\/post"}],"author":[{"embeddable":true,"href":"https:\/\/mirausa.net\/index.php?rest_route=\/wp\/v2\/users\/1"}],"replies":[{"embeddable":true,"href":"https:\/\/mirausa.net\/index.php?rest_route=%2Fwp%2Fv2%2Fcomments&post=23625"}],"version-history":[{"count":1,"href":"https:\/\/mirausa.net\/index.php?rest_route=\/wp\/v2\/posts\/23625\/revisions"}],"predecessor-version":[{"id":26561,"href":"https:\/\/mirausa.net\/index.php?rest_route=\/wp\/v2\/posts\/23625\/revisions\/26561"}],"wp:attachment":[{"href":"https:\/\/mirausa.net\/index.php?rest_route=%2Fwp%2Fv2%2Fmedia&parent=23625"}],"wp:term":[{"taxonomy":"category","embeddable":true,"href":"https:\/\/mirausa.net\/index.php?rest_route=%2Fwp%2Fv2%2Fcategories&post=23625"},{"taxonomy":"post_tag","embeddable":true,"href":"https:\/\/mirausa.net\/index.php?rest_route=%2Fwp%2Fv2%2Ftags&post=23625"}],"curies":[{"name":"wp","href":"https:\/\/api.w.org\/{rel}","templated":true}]}}