{"id":23657,"date":"2013-07-24T05:50:01","date_gmt":"2013-07-24T05:50:01","guid":{"rendered":"https:\/\/mirausa.net\/wpmirausa\/queens-celebra-el-primer-festival-colombia-contigo\/"},"modified":"2013-07-24T05:50:01","modified_gmt":"2013-07-24T05:50:01","slug":"queens-celebra-el-primer-festival-colombia-contigo","status":"publish","type":"post","link":"https:\/\/mirausa.net\/?p=23657","title":{"rendered":"Queens celebra el primer festival Colombia Contigo"},"content":{"rendered":"<p class=\"MsoNormal\"><span style=\"font-size: 10.0pt; line-height: 115%; font-family: 'Times New Roman'; color: black; mso-themecolor: text1; mso-ansi-language: ES-US;\" lang=\"ES-US\"><img decoding=\"async\" src=\"images\/stories\/New_York\/Queens-Colombia-Contigo-Julio.jpg\" border=\"0\" width=\"200\" height=\"150\" align=\"left\" style=\"float: left; border: 0; margin: 10px;\" \/><\/span><\/p>\n<p style=\"text-align: justify;\"><span style=\"color: black; font-family: 'Times New Roman'; font-size: 10pt; line-height: 115%;\">Corona, Nueva York \u2013 Mira\u00edstas celebraron con alegr\u00eda en la Gran Manzana,el 203 aniversario de la independencia de Colombia, a trav\u00e9s del primer festival \u2018Colombia Contigo\u2019, el cual cont\u00f3 con matices culturales de gran variedad, y que mantuvo a m\u00e1s de 500 personas cautivadas.<\/span><\/p>\n<p style=\"text-align: justify;\"><span style=\"font-size: 10.0pt; line-height: 115%; font-family: 'Times New Roman'; color: black; mso-themecolor: text1; mso-ansi-language: ES-US;\" lang=\"ES-US\">Haga clic <a href=\"http:\/\/www.flickr.com\/photos\/mirausa\/sets\/72157634768743733\/with\/9357120272\/\" target=\"_blank\" rel=\"noopener noreferrer\">aqu\u00ed<\/a> para ver fotos del evento.<\/span><\/p>\n<p style=\"text-align: justify;\"><span style=\"color: black; font-family: 'Times New Roman'; font-size: 10pt; line-height: 115%;\">Jorge Mu\u00f1oz, l\u00edder y vocero de MIRA USA, tuvo a su cargo la apertura del evento, la cual emple\u00f3 para dar a conocer a los asistentes sobre la labor social de la organizaci\u00f3n en el territorio americano.<\/span><\/p>\n<p style=\"text-align: justify;\"><span style=\"font-size: 10.0pt; line-height: 115%; font-family: 'Times New Roman'; color: black; mso-themecolor: text1; mso-ansi-language: ES-US;\" lang=\"ES-US\">Asimismo, se cont\u00f3 con la participaci\u00f3n de la c\u00f3nsul de Colombia en Nueva York, Elsa Gladys Cifuentes, as\u00ed como de Yoselin Genao, representante oficial de la oficina de la concejala Julissa Ferreras del distrito 31 de Queens.<\/span><\/p>\n<p style=\"text-align: justify;\"><span style=\"font-size: 10.0pt; line-height: 115%; font-family: 'Times New Roman'; color: black; mso-themecolor: text1; mso-ansi-language: ES-US;\" lang=\"ES-US\">En la tarima se dio paso a la diversi\u00f3n, pues el evento cont\u00f3 con invitados que alegraron con su participaci\u00f3n a los asistentes. Entre ellos el reconocido bailar\u00edn Bonny y su mu\u00f1eca, el Rey del Vallenato Internacional Juan Carlos Castellar, el grupo de baile Cali salsa pal\u2019 mundo, y al Grupo Revol\u00fa.<\/span><\/p>\n<p style=\"text-align: justify;\"><span style=\"font-size: 10.0pt; line-height: 115%; font-family: 'Times New Roman'; color: black; mso-themecolor: text1; mso-ansi-language: ES-US;\" lang=\"ES-US\">Los animadores del evento dieron a conocer datos interesantes sobre la historia de la independencia colombiana, durante una tarde que uni\u00f3 a colombianos y amigos, para celebrar con alegr\u00eda la fiesta patria. <\/span><\/p>\n","protected":false},"excerpt":{"rendered":"<p>Corona, Nueva York \u2013 Mira\u00edstas celebraron con alegr\u00eda en la Gran Manzana,el 203 aniversario de la independencia de Colombia, a trav\u00e9s del primer festival \u2018Colombia Contigo\u2019, el cual cont\u00f3 con [&hellip;]<\/p>\n","protected":false},"author":1,"featured_media":0,"comment_status":"open","ping_status":"open","sticky":false,"template":"","format":"standard","meta":{"_acf_changed":false,"footnotes":""},"categories":[1],"tags":[],"class_list":["post-23657","post","type-post","status-publish","format-standard","hentry","category-sin-categoria"],"acf":[],"_links":{"self":[{"href":"https:\/\/mirausa.net\/index.php?rest_route=\/wp\/v2\/posts\/23657","targetHints":{"allow":["GET"]}}],"collection":[{"href":"https:\/\/mirausa.net\/index.php?rest_route=\/wp\/v2\/posts"}],"about":[{"href":"https:\/\/mirausa.net\/index.php?rest_route=\/wp\/v2\/types\/post"}],"author":[{"embeddable":true,"href":"https:\/\/mirausa.net\/index.php?rest_route=\/wp\/v2\/users\/1"}],"replies":[{"embeddable":true,"href":"https:\/\/mirausa.net\/index.php?rest_route=%2Fwp%2Fv2%2Fcomments&post=23657"}],"version-history":[{"count":0,"href":"https:\/\/mirausa.net\/index.php?rest_route=\/wp\/v2\/posts\/23657\/revisions"}],"wp:attachment":[{"href":"https:\/\/mirausa.net\/index.php?rest_route=%2Fwp%2Fv2%2Fmedia&parent=23657"}],"wp:term":[{"taxonomy":"category","embeddable":true,"href":"https:\/\/mirausa.net\/index.php?rest_route=%2Fwp%2Fv2%2Fcategories&post=23657"},{"taxonomy":"post_tag","embeddable":true,"href":"https:\/\/mirausa.net\/index.php?rest_route=%2Fwp%2Fv2%2Ftags&post=23657"}],"curies":[{"name":"wp","href":"https:\/\/api.w.org\/{rel}","templated":true}]}}