{"id":328,"date":"2012-07-23T17:06:18","date_gmt":"2012-07-23T17:06:18","guid":{"rendered":"https:\/\/mirausa.net\/wpmirausa\/miraistas-participan-en-celebracion-de-la-independencia-de-colombia-en-orlando\/"},"modified":"2025-03-11T22:29:09","modified_gmt":"2025-03-12T03:29:09","slug":"miraistas-participan-en-celebracion-de-la-independencia-de-colombia-en-orlando","status":"publish","type":"post","link":"https:\/\/mirausa.net\/?p=328","title":{"rendered":"Mira\u00edstas participan en celebraci\u00f3n de la Independencia de Colombia en Orlando"},"content":{"rendered":"<p><img decoding=\"async\" src=\"images\/stories\/independencia-colombiana-orlando-fl-image.jpg\" width=\"200\" height=\"150\" alt=\"independencia-colombiana-orlando-fl-image\" style=\"margin-right: 10px; float: left;\" \/>Orlando, Florida &#8211; El equipo de MIRA USA en \u00e9sta ciudad de Florida, particip\u00f3 en el evento de conmemoraci\u00f3n de la fiesta patria de Colombia del pasado 15 de julio, cuando las calles del sector de Hunter\u2019s Creek se vistieron con la bandera tricolor amarillo, azul y rojo.<br \/>Ni siquiera el aguacero que cay\u00f3 ese d\u00eda, logr\u00f3 apagar el \u00e1nimo de los espectadores.<\/p>\n<p>Ver fotos <a href=\"http:\/\/www.flickr.com\/photos\/mirausa\/sets\/72157630608400186\/\" target=\"_blank\" rel=\"noopener noreferrer\">aqui<\/a>.<\/p>\n<p> <!--more--> <\/p>\n<p>Familias enteras y grupos de amigos compartieron con alegr\u00eda al son de la m\u00fasica t\u00edpica, las presentaciones folcl\u00f3ricas, los artistas y trovadores, y disfrutaron de la deliciosa comida colombiana.<br \/>Emotivos encuentros entre personas que no se ve\u00edan por a\u00f1os, tambi\u00e9n fueron parte de la festividad, as\u00ed como la presencia del Consulado de Colombia, y negocios y organizaciones reconocidas del \u00e1rea de Orlando y Kissimmee, que se sumaron al evento.<\/p>\n<p>La celebraci\u00f3n que comenz\u00f3 al medio d\u00eda con el himno patrio interpretado a viva voz por los asistentes, se extendi\u00f3 hasta las 8 de la noche.<br \/>Seg\u00fan lo manifestado por muchos, desde hace tiempo no se ve\u00eda tanta unidad entre el pueblo colombiano y personas de otras nacionalidades que tambi\u00e9n visitaron el lugar, entre ellos venezolanos, ecuatorianos, mexicanos, puertorrique\u00f1os, y dominicanos, que se acercaron al estand que tuvo el grupo de MIRA USA.<\/p>\n<p> <object id=\"o\" classid=\"clsid:D27CDB6E-AE6D-11cf-96B8-444553540000\" width=\"550\" height=\"450\"><param name=\"movie\" value=\"http:\/\/apps.cooliris.com\/embed\/cooliris.swf\" \/><param name=\"wmode\" value=\"opaque\" \/><param name=\"allowFullScreen\" value=\"true\" \/><param name=\"allowScriptAccess\" value=\"always\" \/><param name=\"flashvars\" value=\"feed=api:\/\/www.flickr.com\/?album=72157630608400186&amp;numRows=3&amp;style=light&amp;showNavArrows=false\" \/><embed type=\"application\/x-shockwave-flash\"  width=\"550\" height=\"450\"  src=\"http:\/\/apps.cooliris.com\/embed\/cooliris.swf\"  flashvars=\"feed=api:\/\/www.flickr.com\/?album=72157630608400186&amp;numRows=3&amp;style=light&amp;showNavArrows=false\"  wmode=\"opaque\"  allowfullscreen=\"true\"  allowscriptaccess=\"always\"><\/embed><\/object> <\/p>\n","protected":false},"excerpt":{"rendered":"<p>Orlando, Florida &#8211; El equipo de MIRA USA en \u00e9sta ciudad de Florida, particip\u00f3 en el evento de conmemoraci\u00f3n de la fiesta patria de Colombia del pasado 15 de julio, [&hellip;]<\/p>\n","protected":false},"author":1,"featured_media":0,"comment_status":"open","ping_status":"open","sticky":false,"template":"","format":"standard","meta":{"_acf_changed":false,"footnotes":""},"categories":[121],"tags":[],"class_list":["post-328","post","type-post","status-publish","format-standard","hentry","category-noticias"],"acf":[],"_links":{"self":[{"href":"https:\/\/mirausa.net\/index.php?rest_route=\/wp\/v2\/posts\/328","targetHints":{"allow":["GET"]}}],"collection":[{"href":"https:\/\/mirausa.net\/index.php?rest_route=\/wp\/v2\/posts"}],"about":[{"href":"https:\/\/mirausa.net\/index.php?rest_route=\/wp\/v2\/types\/post"}],"author":[{"embeddable":true,"href":"https:\/\/mirausa.net\/index.php?rest_route=\/wp\/v2\/users\/1"}],"replies":[{"embeddable":true,"href":"https:\/\/mirausa.net\/index.php?rest_route=%2Fwp%2Fv2%2Fcomments&post=328"}],"version-history":[{"count":1,"href":"https:\/\/mirausa.net\/index.php?rest_route=\/wp\/v2\/posts\/328\/revisions"}],"predecessor-version":[{"id":24591,"href":"https:\/\/mirausa.net\/index.php?rest_route=\/wp\/v2\/posts\/328\/revisions\/24591"}],"wp:attachment":[{"href":"https:\/\/mirausa.net\/index.php?rest_route=%2Fwp%2Fv2%2Fmedia&parent=328"}],"wp:term":[{"taxonomy":"category","embeddable":true,"href":"https:\/\/mirausa.net\/index.php?rest_route=%2Fwp%2Fv2%2Fcategories&post=328"},{"taxonomy":"post_tag","embeddable":true,"href":"https:\/\/mirausa.net\/index.php?rest_route=%2Fwp%2Fv2%2Ftags&post=328"}],"curies":[{"name":"wp","href":"https:\/\/api.w.org\/{rel}","templated":true}]}}