{"id":3549,"date":"2017-08-03T02:50:25","date_gmt":"2017-08-03T02:50:25","guid":{"rendered":"https:\/\/mirausa.net\/?p=3549"},"modified":"2017-08-03T02:50:25","modified_gmt":"2017-08-03T02:50:25","slug":"mira-usa-commemorates-independence-of-colombia-in-philadelphia","status":"publish","type":"post","link":"https:\/\/mirausa.net\/?p=3549","title":{"rendered":"MIRA USA commemorates Independence of Colombia in Philadelphia"},"content":{"rendered":"<p><img fetchpriority=\"high\" decoding=\"async\" src=\"https:\/\/mirausa.net\/wp-content\/uploads\/2017\/08\/MIRA-USA-PHIL-RAISING-FLAG-.jpg\" alt=\"\" width=\"1024\" height=\"1024\" class=\"alignright size-full wp-image-3550\" srcset=\"https:\/\/mirausa.net\/wp-content\/uploads\/2017\/08\/MIRA-USA-PHIL-RAISING-FLAG-.jpg 1024w, https:\/\/mirausa.net\/wp-content\/uploads\/2017\/08\/MIRA-USA-PHIL-RAISING-FLAG--300x300.jpg 300w, https:\/\/mirausa.net\/wp-content\/uploads\/2017\/08\/MIRA-USA-PHIL-RAISING-FLAG--150x150.jpg 150w, https:\/\/mirausa.net\/wp-content\/uploads\/2017\/08\/MIRA-USA-PHIL-RAISING-FLAG--768x768.jpg 768w, https:\/\/mirausa.net\/wp-content\/uploads\/2017\/08\/MIRA-USA-PHIL-RAISING-FLAG--80x80.jpg 80w\" sizes=\"(max-width: 1024px) 100vw, 1024px\" \/><br \/>\nPhiladelphia, PA &#8211; With much excitement and enthusiasm, Miraist gathered in front of the Philadelphia Mayor&#8217;s Building on July 20 to participate in the Colombian Flag Raising Ceremony.<br \/>\nLeity Rodriguez-Largo renowned for her work raised the flag with the Colombian community in Philadelphia. During the ceremony, the notes of the National Anthem of Colombia sung, and the honoree shared some reflections about their life, values and community work.<br \/>\nAppreciations to Councilor Mar\u00eda Qui\u00f1onez S\u00e1nchez and her team that supported MIRAUSA in the organization and development of the event.<\/p>\n","protected":false},"excerpt":{"rendered":"<p>Philadelphia, PA &#8211; With much excitement and enthusiasm, Miraist gathered in front of the Philadelphia Mayor&#8217;s Building on July 20 to participate in the Colombian Flag Raising Ceremony. Leity Rodriguez-Largo [&hellip;]<\/p>\n","protected":false},"author":1,"featured_media":3550,"comment_status":"open","ping_status":"open","sticky":false,"template":"","format":"standard","meta":{"_acf_changed":false,"footnotes":""},"categories":[1],"tags":[],"class_list":["post-3549","post","type-post","status-publish","format-standard","has-post-thumbnail","hentry","category-sin-categoria"],"acf":[],"_links":{"self":[{"href":"https:\/\/mirausa.net\/index.php?rest_route=\/wp\/v2\/posts\/3549","targetHints":{"allow":["GET"]}}],"collection":[{"href":"https:\/\/mirausa.net\/index.php?rest_route=\/wp\/v2\/posts"}],"about":[{"href":"https:\/\/mirausa.net\/index.php?rest_route=\/wp\/v2\/types\/post"}],"author":[{"embeddable":true,"href":"https:\/\/mirausa.net\/index.php?rest_route=\/wp\/v2\/users\/1"}],"replies":[{"embeddable":true,"href":"https:\/\/mirausa.net\/index.php?rest_route=%2Fwp%2Fv2%2Fcomments&post=3549"}],"version-history":[{"count":0,"href":"https:\/\/mirausa.net\/index.php?rest_route=\/wp\/v2\/posts\/3549\/revisions"}],"wp:featuredmedia":[{"embeddable":true,"href":"https:\/\/mirausa.net\/index.php?rest_route=\/wp\/v2\/media\/3550"}],"wp:attachment":[{"href":"https:\/\/mirausa.net\/index.php?rest_route=%2Fwp%2Fv2%2Fmedia&parent=3549"}],"wp:term":[{"taxonomy":"category","embeddable":true,"href":"https:\/\/mirausa.net\/index.php?rest_route=%2Fwp%2Fv2%2Fcategories&post=3549"},{"taxonomy":"post_tag","embeddable":true,"href":"https:\/\/mirausa.net\/index.php?rest_route=%2Fwp%2Fv2%2Ftags&post=3549"}],"curies":[{"name":"wp","href":"https:\/\/api.w.org\/{rel}","templated":true}]}}