{"id":3770,"date":"2017-10-02T17:27:52","date_gmt":"2017-10-02T17:27:52","guid":{"rendered":"https:\/\/mirausa.net\/?p=3770"},"modified":"2017-10-02T17:27:52","modified_gmt":"2017-10-02T17:27:52","slug":"participan-en-one-voice-unity-on-capitol-hill-en-washington-dc","status":"publish","type":"post","link":"https:\/\/mirausa.net\/?p=3770","title":{"rendered":"Participan en One Voice: Unity on Capitol Hill, en Washington, DC"},"content":{"rendered":"<figure id=\"attachment_3772\" aria-describedby=\"caption-attachment-3772\" style=\"width: 1024px\" class=\"wp-caption aligncenter\"><img fetchpriority=\"high\" decoding=\"async\" class=\"wp-image-3772 size-large\" src=\"https:\/\/mirausa.net\/wp-content\/uploads\/2017\/10\/5Hablando-con-el-Representante-Darren-Soto-1-1024x768.jpg\" alt=\"\" width=\"1024\" height=\"768\" \/><figcaption id=\"caption-attachment-3772\" class=\"wp-caption-text\">Hablando-con-el-Representante-Darren-Soto-<\/figcaption><\/figure>\n<p class=\"m_3198339093361424967gmail-Body\"><span style=\"font-family: arial, helvetica, sans-serif;\"><span lang=\"ES-CO\">Tampa, FL \u2013 MIRA USA particip\u00f3 en la cumbre nacional por los derechos de los inmigrantes\u00a0<b>One Voice: Unity on Capitol Hill, en\u00a0Washington, DC del 27 al 28 de septiembre de 2017.\u00a0<\/b><\/span>L\u00edderes de m\u00e1s de 200 Organizaciones Hispanas que trabajan diferentes temas por las comunidades en Estados Unidos se dieron cita para hacer que la voz de los inmigrantes en el territorio nacional sea escuchada.<\/span><\/p>\n<p>Haga clic\u00a0<a href=\"https:\/\/flic.kr\/s\/aHsm3Lte6s\">aqu\u00ed<\/a>\u00a0para ver fotos del evento<\/p>\n<p class=\"m_3198339093361424967gmail-Body\"><span lang=\"ES-CO\"><span style=\"font-family: arial, helvetica, sans-serif;\">MIRA USA fue invitada por la Federaci\u00f3n Hispana (Hispanic Federation) a la recepci\u00f3n de Bienvenida, en la que participaron algunos Congresistas, y en la cual tuvimos la oportunidad de compartir e intercambiar informaci\u00f3n con los L\u00edderes acerca de los temas m\u00e1s relevantes para la comunidad inmigrante en estos momentos.<\/span><\/span><\/p>\n<p class=\"m_3198339093361424967gmail-Body\"><span lang=\"ES-CO\"><span style=\"font-family: arial, helvetica, sans-serif;\">El d\u00eda 28 de septiembre, junto con otros l\u00edderes del Estado de la Florida, visitamos la Oficina de Darren Soto, Representante del Distrito 9 de la Florida, quien escuch\u00f3 las problem\u00e1ticas que enfrentan los inmigrantes como educaci\u00f3n, falta de empleo, falta de documentos, ayudas para los damnificados de las m\u00e1s recientes cat\u00e1strofes naturales (Puerto Rico y M\u00e9xico), entre otros temas. Nuestro mensaje como organizaci\u00f3n en pro de los derechos de los inmigrantes fue dar oportunidad de obtener documentos a trav\u00e9s de estudios como sucede en Canad\u00e1 o Australia, apoyar el DREAM Act, y otras medidas para darle soluci\u00f3n a la situaci\u00f3n que enfrentan miles de inmigrantes en el pa\u00eds.<\/span><\/span><\/p>\n<p class=\"m_3198339093361424967gmail-Body\"><span lang=\"ES-CO\"><span style=\"font-family: arial, helvetica, sans-serif;\">Despu\u00e9s visitamos la oficina de la Representante Kathy Castor del Distrito 14 de la Florida, quien al no encontrarse en su oficina nos atendi\u00f3 Lara Hopkins, Deputy Chief of Staff, quien se mostr\u00f3 muy complacida con la visita de L\u00edderes de la Florida y de Tampa, y nos manifest\u00f3 que la Representante Castor tambien apoya el DREAM Act, no est\u00e1 de acuerdo con la construcci\u00f3n del muro en M\u00e9xico, y que estan trabajando para dar m\u00e1s ayudas al estado de la Florida despu\u00e9s del paso del Hurac\u00e1n Irma.<\/span><\/span><\/p>\n<p class=\"m_3198339093361424967gmail-Body\"><span lang=\"ES-CO\"><span style=\"font-family: arial, helvetica, sans-serif;\">Fue para nuestra organizaci\u00f3n un orgullo haber tenido la oportunidad de ser la voz de la comunidad inmigrante en esta cumbre anual, sabiendo de primera mano las necesidades que a diario nos aquejan, y anhelando que los Congresistas voten a favor de las pol\u00edticas p\u00fablicas que benefician a nuestras comunidades.<\/span><\/span><\/p>\n<p class=\"m_3198339093361424967gmail-Body\"><span lang=\"ES-CO\"><span style=\"font-family: arial, helvetica, sans-serif;\">Un agradecimiento especial a Hispanic Federation por la invitaci\u00f3n y a todas las Organizaciones que participaron en este evento.<\/span><\/span><\/p>\n","protected":false},"excerpt":{"rendered":"<p>Tampa, FL \u2013 MIRA USA particip\u00f3 en la cumbre nacional por los derechos de los inmigrantes\u00a0One Voice: Unity on Capitol Hill, en\u00a0Washington, DC del 27 al 28 de septiembre de [&hellip;]<\/p>\n","protected":false},"author":1,"featured_media":3771,"comment_status":"open","ping_status":"open","sticky":false,"template":"","format":"standard","meta":{"_acf_changed":false,"footnotes":""},"categories":[1],"tags":[148,141,142,149],"class_list":["post-3770","post","type-post","status-publish","format-standard","has-post-thumbnail","hentry","category-sin-categoria","tag-dreamact","tag-inmigrantes","tag-tampa-es","tag-washington-es"],"acf":[],"_links":{"self":[{"href":"https:\/\/mirausa.net\/index.php?rest_route=\/wp\/v2\/posts\/3770","targetHints":{"allow":["GET"]}}],"collection":[{"href":"https:\/\/mirausa.net\/index.php?rest_route=\/wp\/v2\/posts"}],"about":[{"href":"https:\/\/mirausa.net\/index.php?rest_route=\/wp\/v2\/types\/post"}],"author":[{"embeddable":true,"href":"https:\/\/mirausa.net\/index.php?rest_route=\/wp\/v2\/users\/1"}],"replies":[{"embeddable":true,"href":"https:\/\/mirausa.net\/index.php?rest_route=%2Fwp%2Fv2%2Fcomments&post=3770"}],"version-history":[{"count":0,"href":"https:\/\/mirausa.net\/index.php?rest_route=\/wp\/v2\/posts\/3770\/revisions"}],"wp:featuredmedia":[{"embeddable":true,"href":"https:\/\/mirausa.net\/index.php?rest_route=\/wp\/v2\/media\/3771"}],"wp:attachment":[{"href":"https:\/\/mirausa.net\/index.php?rest_route=%2Fwp%2Fv2%2Fmedia&parent=3770"}],"wp:term":[{"taxonomy":"category","embeddable":true,"href":"https:\/\/mirausa.net\/index.php?rest_route=%2Fwp%2Fv2%2Fcategories&post=3770"},{"taxonomy":"post_tag","embeddable":true,"href":"https:\/\/mirausa.net\/index.php?rest_route=%2Fwp%2Fv2%2Ftags&post=3770"}],"curies":[{"name":"wp","href":"https:\/\/api.w.org\/{rel}","templated":true}]}}