{"id":392,"date":"2012-10-24T16:46:12","date_gmt":"2012-10-24T16:46:12","guid":{"rendered":"https:\/\/mirausa.net\/wpmirausa\/noche-de-estrellas-el-zol-de-philly\/"},"modified":"2012-10-24T16:46:12","modified_gmt":"2012-10-24T16:46:12","slug":"noche-de-estrellas-el-zol-de-philly","status":"publish","type":"post","link":"https:\/\/mirausa.net\/?p=392","title":{"rendered":"Noche de Estrellas &#8211; El Zol de Philly"},"content":{"rendered":"<p><img decoding=\"async\" src=\"images\/Pag-Locales-HCA-Oct-16-12-116.jpeg\" border=\"0\" alt=\"\" \/><\/p>\n<p><em>Extra\u00eddo de:\u00a0http:\/\/www.elsoln1.com\/noche-de-estrellas<\/em><\/p>\n<p style=\"padding-bottom: 10px; color: #222222; font-family: georgia, 'palatino linotype', palatino, 'times new roman', times, serif; line-height: 22.399999618530273px; text-align: justify;\"><strong style=\"margin: 0px; padding: 0px; border: 0px; outline: 0px; vertical-align: baseline; background-color: transparent;\">Novena Edici\u00f3n de los Hispanic Choice Awards.<\/strong>\u00a0 En otra noche espectacular, el Kimmel Center de Filadelfia fue sede de la 9na<span id=\"more-2711\" style=\"margin: 0px; padding: 0px; border: 0px; outline: 0px; vertical-align: baseline; background-color: transparent;\"><\/span>. Edici\u00f3n de los Hispanic Choice Awards, celebrando y honrando a los m\u00e1s destacados l\u00edderes, empresas y organizaciones de Pensilvania, Delaware y New Jersey. Los m\u00e1s relevantes dirigentes y personalidades de la comunidad llenaron una vez m\u00e1s la recepci\u00f3n VIP, la Alfombra Roja y el show en el escenario del Kimmel. El evento fue organizado por Javier Suarez quien estuvo a cargo de la Producci\u00f3n Ejecutiva y de Cecilia Ram\u00edrez quien fue la Productora S\u00e9nior del Show.<\/p>\n<p style=\"padding-bottom: 10px; color: #222222; font-family: georgia, 'palatino linotype', palatino, 'times new roman', times, serif; line-height: 22.399999618530273px; text-align: justify;\">\u00a0<\/p>\n<p>  <!--more-->  <\/p>\n<p style=\"padding-bottom: 10px; color: #222222; font-family: georgia, 'palatino linotype', palatino, 'times new roman', times, serif; line-height: 22.399999618530273px; text-align: justify;\"><strong style=\"margin: 0px; padding: 0px; border: 0px; outline: 0px; vertical-align: baseline; background-color: transparent;\">Los Galardonados<\/strong><\/p>\n<p style=\"padding-bottom: 10px; color: #222222; font-family: georgia, 'palatino linotype', palatino, 'times new roman', times, serif; line-height: 22.399999618530273px; text-align: justify;\"><strong style=\"margin: 0px; padding: 0px; border: 0px; outline: 0px; vertical-align: baseline; background-color: transparent;\">ALFREDO CALDERON:<\/strong>\u00a0Education Champion of the Year. El Futuro Award. El Presidente y CEO de ASPIRA, \u201cEs un gran honor recibir esta designaci\u00f3n especialmente por el hecho de venir directamente de la comunidad. Desde que recib\u00ed el correo electr\u00f3nico en el que me notificaban que era uno de los nominados ya sent\u00ed algo incre\u00edble. Este premio es para todos los miembros de mi organizaci\u00f3n Aspira, donde trabajamos en equipo, los maestros que ense\u00f1an, el personal de apoyo, de Recursos Humanos, de administraci\u00f3n. Cuando cada uno en su \u00e1rea hace su trabajo obtenemos el resultado de una organizaci\u00f3n exitosa\u201d.<\/p>\n<p style=\"padding-bottom: 10px; color: #222222; font-family: georgia, 'palatino linotype', palatino, 'times new roman', times, serif; line-height: 22.399999618530273px; text-align: justify;\"><strong style=\"margin: 0px; padding: 0px; border: 0px; outline: 0px; vertical-align: baseline; background-color: transparent;\">LILI D\u2019ALIESSIO:<\/strong>\u00a0Business Person of the Year \u2013 Trailblazer Award. Estoy tan feliz y agradecida por este reconocimiento. Fue asombroso y la vez una sorpresa recibirlo. Significa una recompensa al trabajo realizado. A veces uno piensa que la gente no observa el trabajo que uno est\u00e1 haciendo pero cuando se reciben este tipo de premios uno nota que siempre hay alguien que aprecia lo que uno hace. Al realizar esta labor siento que muchos me inspiran y tambi\u00e9n que yo puedo inspirar y eso es un aspecto muy bueno\u201d.<\/p>\n<p style=\"padding-bottom: 10px; color: #222222; font-family: georgia, 'palatino linotype', palatino, 'times new roman', times, serif; line-height: 22.399999618530273px; text-align: justify;\"><strong style=\"margin: 0px; padding: 0px; border: 0px; outline: 0px; vertical-align: baseline; background-color: transparent;\">ROMY DIAZ:<\/strong>\u00a0Corporate Partner of the Year &#8211;\u00a0 Alianza Award. El Vice President of Governmental and External Affairs\u00a0 de PECO \u201cEl premio y el evento Hispanic Choice Awards es una buena oportunidad para decir quienes somos y demostrar que estamos con la comunidad hispana siempre listos para servirle\u201d.<\/p>\n<p style=\"padding-bottom: 10px; color: #222222; font-family: georgia, 'palatino linotype', palatino, 'times new roman', times, serif; line-height: 22.399999618530273px; text-align: justify;\"><strong style=\"margin: 0px; padding: 0px; border: 0px; outline: 0px; vertical-align: baseline; background-color: transparent;\">HECTOR SERRANO:<\/strong>\u00a0 Creative Artist of the Year \u2013 Vision Award. Es un honor. Estoy muy emocionado. Es un premio a una labor de 15 a\u00f1os. Es un orgullo recibir un premio que proviene directamente de la comunidad Latina y de la ciudad de Filadelfia\u201d.<\/p>\n<p style=\"padding-bottom: 10px; color: #222222; font-family: georgia, 'palatino linotype', palatino, 'times new roman', times, serif; line-height: 22.399999618530273px; text-align: justify;\"><strong style=\"margin: 0px; padding: 0px; border: 0px; outline: 0px; vertical-align: baseline; background-color: transparent;\">JOANNA OTERO-CRUZ:<\/strong>\u00a0Community Advocate of the Year \u2013 Impact Award. Estoy muy orgullosa por este premio que reconoce el esfuerzo que hemos realizado en nuestra organizaci\u00f3n durante estos dos a\u00f1os. Es un premio al sacrificio de nuestros empleados por mejorar nuestra comunidad, en especial aquellos que se benefician de nuestros programas que atiende a ni\u00f1os abusados o en estado de abandono\u201d.<\/p>\n<p style=\"padding-bottom: 10px; color: #222222; font-family: georgia, 'palatino linotype', palatino, 'times new roman', times, serif; line-height: 22.399999618530273px; text-align: justify;\"><strong style=\"margin: 0px; padding: 0px; border: 0px; outline: 0px; vertical-align: baseline; background-color: transparent;\">ANGEL MU\u00d1OZ:<\/strong>\u00a0Community Advocate of the Year \u2013 Impact Award. El coordinador e impulsor del espectacular programa social \u201cAn Angel in Queens\u201d, se mostr\u00f3 muy emocionado detr\u00e1s del escenario del Kimmel Center al explicar: \u201cEl reconocimiento es un impulso y una recompensa para alguien que se levanta muy temprano y trabaja hasta las 8:30 de la noche pero que se acuesta con tranquilidad al saber que 100 hombres comieron. Ojal\u00e1 muchos pudieran seguir este ejemplo\u201d.<\/p>\n<p style=\"padding-bottom: 10px; color: #222222; font-family: georgia, 'palatino linotype', palatino, 'times new roman', times, serif; line-height: 22.399999618530273px; text-align: justify;\"><strong style=\"margin: 0px; padding: 0px; border: 0px; outline: 0px; vertical-align: baseline; background-color: transparent;\">DIEGO CASTELLANOS:<\/strong>\u00a0Life Time Achievement Award. \u201cDeseo agradecerlos a todos los que crecieron viendo mi programa. Los medios masivos tienen el poder de afectar nuestra cultura. Es muy importante para mi recibir este premio de la comunidad\u201d.<\/p>\n<p style=\"padding-bottom: 10px; color: #222222; font-family: georgia, 'palatino linotype', palatino, 'times new roman', times, serif; line-height: 22.399999618530273px; text-align: justify;\"><strong style=\"margin: 0px; padding: 0px; border: 0px; outline: 0px; vertical-align: baseline; background-color: transparent;\">GILBERTO SANTA ROSA:<\/strong>\u00a0Living Legend Award. Acept\u00f3 el premio a trav\u00e9s de un video presentado a la audiencia que asisti\u00f3 a la ceremonia.<\/p>\n<p style=\"padding-bottom: 10px; color: #222222; font-family: georgia, 'palatino linotype', palatino, 'times new roman', times, serif; line-height: 22.399999618530273px; text-align: justify;\"><strong style=\"margin: 0px; padding: 0px; border: 0px; outline: 0px; vertical-align: baseline; background-color: transparent;\">LIDERES COMUNITARIOS<\/strong><\/p>\n<p style=\"padding-bottom: 10px; color: #222222; font-family: georgia, 'palatino linotype', palatino, 'times new roman', times, serif; line-height: 22.399999618530273px; text-align: justify;\"><strong style=\"margin: 0px; padding: 0px; border: 0px; outline: 0px; vertical-align: baseline; background-color: transparent;\">BRUCE DATIL:\u00a0<\/strong>Agente de seguros \u201cEsto representa el orgullo de ser Latino. El hech<\/p>\n<p>o de ver a tanta gente reuni\u00e9ndose y conect\u00e1ndose como individuos es muy bueno. Yo estoy apoyando a Javier Suarez en los Hispanic Choice Awards desde un principio y cada a\u00f1o podemos notar como el evento va creciendo un escal\u00f3n m\u00e1s, especialmente cuando lo vemos celebrarse en un lugar tan digno y fabuloso como el Kimmel Center.<\/p>\n<p style=\"padding-bottom: 10px; color: #222222; font-family: georgia, 'palatino linotype', palatino, 'times new roman', times, serif; line-height: 22.399999618530273px; text-align: justify;\"><strong style=\"margin: 0px; padding: 0px; border: 0px; outline: 0px; vertical-align: baseline; background-color: transparent;\">FRANK FRANCO:\u00a0<\/strong>El empresario propietario de 4 franquicias de McDonald\u2019s y gran colaborador de la comunidad Latinoamericana a trav\u00e9s de la fundaci\u00f3n Ronald McDonald\u2019s, expres\u00f3 durante su paso por la Alfombra Roja lo siguiente: \u201cLos Premios Hispanic Choice Awards reconocen a los l\u00edderes de la comunidad Latinoamericana, seleccionando a los buenos dirigentes y a los buenos representantes de la sociedad y por consecuencia ayudan a mejorar a la propia comunidad\u201d.<\/p>\n<p style=\"padding-bottom: 10px; color: #222222; font-family: georgia, 'palatino linotype', palatino, 'times new roman', times, serif; line-height: 22.399999618530273px; text-align: justify;\"><strong style=\"margin: 0px; padding: 0px; border: 0px; outline: 0px; vertical-align: baseline; background-color: transparent;\">NATALIA GAMARRA:<\/strong>La joven argentina, una de las Gerentes de Ventas de Turismo para \u00e1reas internacionales del Centro de Convenciones de la Ciudad de Filadelfia se\u00f1al\u00f3 a\u00a0<strong style=\"margin: 0px; padding: 0px; border: 0px; outline: 0px; vertical-align: baseline; background-color: transparent;\">El Sol Latino Newspaper<\/strong>, \u201cLos Hispanic Choice Awards es una manera de explicar lo que cada uno de nosotros vino a hacer a este pa\u00eds y la forma como se est\u00e1 cumpliendo un sue\u00f1o\u201d.<\/p>\n<p style=\"padding-bottom: 10px; color: #222222; font-family: georgia, 'palatino linotype', palatino, 'times new roman', times, serif; line-height: 22.399999618530273px; text-align: justify;\"><strong style=\"margin: 0px; padding: 0px; border: 0px; outline: 0px; vertical-align: baseline; background-color: transparent;\">CARLOS DE LOS RAMOS:\u00a0<\/strong>El Director de Relaciones P\u00fablicas del Centro Latinoamericano de Wilmington, Delaware (Latin America Community Center) dijo, \u201cEsta es una gran oportunidad para resaltar lo que es el orgullo hispano. Los Hispanic Choice Awards sacan a acotaci\u00f3n lo que significa ser hispanos. Nosotros en nuestra comunidad debemos apoyar eventos como este\u201d.<\/p>\n<p style=\"padding-bottom: 10px; color: #222222; font-family: georgia, 'palatino linotype', palatino, 'times new roman', times, serif; line-height: 22.399999618530273px; text-align: justify;\"><strong style=\"margin: 0px; padding: 0px; border: 0px; outline: 0px; vertical-align: baseline; background-color: transparent;\">LUZ FOGLIETA:\u00a0<\/strong>La Directora Ejecutiva de la Casa de Venezuela \u201cLos Hispanic Choice Awards resaltan a nuestros profesionales de la comunidad Latina. Yo asist\u00ed a la primera edici\u00f3n y al verlos ahora celebrarse en el Kimmel Center he notado que el evento ha crecido mucho. Ver a la gente asistiendo a esta gala es impresionante\u201d.<\/p>\n<p style=\"padding-bottom: 10px; color: #222222; font-family: georgia, 'palatino linotype', palatino, 'times new roman', times, serif; line-height: 22.399999618530273px; text-align: justify;\"><strong style=\"margin: 0px; padding: 0px; border: 0px; outline: 0px; vertical-align: baseline; background-color: transparent;\">RICHARD NEGRIN:\u00a0<\/strong>Gerente de la Ciudad de Filadelfia. \u201cEsta es la manera como Filadelfia se convierte en una gran ciudad internacional. Con la realizaci\u00f3n de un evento que re\u00fane a tanta gente anualmente y que premia a los mas destacados de la comunidad. La idea que tuvo Javier Suarez hace 8 a\u00f1os de crear los Hispanic Choice Awards sirven de inspiraci\u00f3n para muchos miembros de la comunidad Latina\u201d.<\/p>\n<p style=\"padding-bottom: 10px; color: #222222; font-family: georgia, 'palatino linotype', palatino, 'times new roman', times, serif; line-height: 22.399999618530273px; text-align: justify;\"><strong style=\"margin: 0px; padding: 0px; border: 0px; outline: 0px; vertical-align: baseline; background-color: transparent;\">WILL GONZALEZ:\u00a0<\/strong>Director Ejecutivo de Ceiba y Directivo del Latino Voter ID Workgroup. \u201cEs algo muy interesante como en un martes por la noche la comunidad sale a celebrar con gente de su misma cultura\u201d.<\/p>\n<p style=\"padding-bottom: 10px; color: #222222; font-family: georgia, 'palatino linotype', palatino, 'times new roman', times, serif; line-height: 22.399999618530273px; text-align: justify;\"><strong style=\"margin: 0px; padding: 0px; border: 0px; outline: 0px; vertical-align: baseline; background-color: transparent;\">N\u2019KLABE:\u00a0<\/strong>Una de las bandas que estremeci\u00f3 el escenario del Kimmel Center durante la ceremonia de\u00a0 los Hispanic Choice Awards fue el grupo N\u2019Klabe, una orquesta de Salsa liderada por 3 talentosos j\u00f3venes, H\u00e9ctor Donator, F\u00e9lix Javier Torres y Ricardo Porreta, nacidos en la isla de Puerto Rico e influenciados por artistas como El Gran Combo y Rub\u00e9n Blades a quienes escucharon en su ni\u00f1ez. Acompa\u00f1ados por 15 m\u00fasicos N\u2019Klabe puso a vibrar a todos los presentes. Los miembros de la agrupaci\u00f3n hablaron sobre el momento que vive la orquesta y tambi\u00e9n sobre su presencia en Filadelfia. \u201cNosotros como agrupaci\u00f3n siempre estamos innovando sonidos y explorando nuevos ritmos. Tenemos un disco nuevo \u201cLa Salsa Vive\u201d que sale al mercado el 6 de noviembre. Es la primera vez que estamos aqu\u00ed en los Hispanic Choice Awards y eso lo consideremos algo grandioso. Estamos honrados y emocionados\u201d.<\/p>\n<p style=\"padding-bottom: 10px; color: #222222; font-family: georgia, 'palatino linotype', palatino, 'times new roman', times, serif; line-height: 22.399999618530273px;\">Texto:\u00a0<strong style=\"margin: 0px; padding: 0px; border: 0px; outline: 0px; vertical-align: baseline; background-color: transparent;\">Ren\u00e9 Rinc\u00f3n<\/strong><\/p>\n<p style=\"padding-bottom: 10px; color: #222222; font-family: georgia, 'palatino linotype', palatino, 'times new roman', times, serif; line-height: 22.399999618530273px;\">Fotos:\u00a0<strong style=\"margin: 0px; padding: 0px; border: 0px; outline: 0px; vertical-align: baseline; background-color: transparent;\">Jos\u00e9 Hern\u00e1ndez<\/strong><\/p>\n","protected":false},"excerpt":{"rendered":"<p>Extra\u00eddo de:\u00a0http:\/\/www.elsoln1.com\/noche-de-estrellas Novena Edici\u00f3n de los Hispanic Choice Awards.\u00a0 En otra noche espectacular, el Kimmel Center de Filadelfia fue sede de la 9na. Edici\u00f3n de los Hispanic Choice Awards, celebrando [&hellip;]<\/p>\n","protected":false},"author":1,"featured_media":0,"comment_status":"open","ping_status":"open","sticky":false,"template":"","format":"standard","meta":{"_acf_changed":false,"footnotes":""},"categories":[1],"tags":[],"class_list":["post-392","post","type-post","status-publish","format-standard","hentry","category-sin-categoria"],"acf":[],"_links":{"self":[{"href":"https:\/\/mirausa.net\/index.php?rest_route=\/wp\/v2\/posts\/392","targetHints":{"allow":["GET"]}}],"collection":[{"href":"https:\/\/mirausa.net\/index.php?rest_route=\/wp\/v2\/posts"}],"about":[{"href":"https:\/\/mirausa.net\/index.php?rest_route=\/wp\/v2\/types\/post"}],"author":[{"embeddable":true,"href":"https:\/\/mirausa.net\/index.php?rest_route=\/wp\/v2\/users\/1"}],"replies":[{"embeddable":true,"href":"https:\/\/mirausa.net\/index.php?rest_route=%2Fwp%2Fv2%2Fcomments&post=392"}],"version-history":[{"count":0,"href":"https:\/\/mirausa.net\/index.php?rest_route=\/wp\/v2\/posts\/392\/revisions"}],"wp:attachment":[{"href":"https:\/\/mirausa.net\/index.php?rest_route=%2Fwp%2Fv2%2Fmedia&parent=392"}],"wp:term":[{"taxonomy":"category","embeddable":true,"href":"https:\/\/mirausa.net\/index.php?rest_route=%2Fwp%2Fv2%2Fcategories&post=392"},{"taxonomy":"post_tag","embeddable":true,"href":"https:\/\/mirausa.net\/index.php?rest_route=%2Fwp%2Fv2%2Ftags&post=392"}],"curies":[{"name":"wp","href":"https:\/\/api.w.org\/{rel}","templated":true}]}}