{"id":411,"date":"2012-11-16T15:07:08","date_gmt":"2012-11-16T15:07:08","guid":{"rendered":"https:\/\/mirausa.net\/wpmirausa\/mira-usa-entrega-reconocimiento-a-embajadora-carmenza-jaramillo\/"},"modified":"2025-05-04T23:52:43","modified_gmt":"2025-05-05T04:52:43","slug":"mira-usa-entrega-reconocimiento-a-embajadora-carmenza-jaramillo","status":"publish","type":"post","link":"https:\/\/mirausa.net\/?p=411","title":{"rendered":"MIRA USA Entrega Reconocimiento a embajadora Carmenza Jaramillo"},"content":{"rendered":"<p><img decoding=\"async\" src=\"images\/stories\/Nacional-reconocimiento-CJ-image.jpg\" width=\"200\" height=\"133\" style=\"margin-right: 10px; float: left;\" alt=\"Nacional-reconocimiento-CJ-image\" \/>Por su invaluable aporte durante varios a\u00f1os a la comunidad colombiana desde sus diferentes cargos como C\u00f3nsul General, Presidente de la C\u00e1mara de Comercio Colombo Americana y Directora de ProExport USA en esta Miami, Carmenza Jaramillo recibi\u00f3 de parte de MIRA USA as\u00ed como otras organizaciones de la zona, un homejane de agradecimiento en el Miami International Airport Convention Center.<\/p>\n<p>Fotos <a href=\"http:\/\/www.flickr.com\/photos\/mirausa\/sets\/72157632020115940\/show\/\" target=\"_blank\" rel=\"noopener noreferrer\">aqu\u00ed.<\/a><a href=\"http:\/\/www.flickr.com\/photos\/mirausa\/sets\/72157632020115940\/\"><br \/><\/a><\/p>\n<p>  <!--more-->  <\/p>\n<p>\u201cFue la primera organizaci\u00f3n que me apoy\u00f3\u201d, expres\u00f3 Jarramillo en agradecimiento a la labor de MIRA USA en el sur de la Florida.<\/p>\n<p>Los reconocimientos sirvieron asimismo como una despedida ahora que la servidora p\u00fablica partir\u00e1 de Estados Unidos para desempe\u00f1ar el cargo como nueva Embajadora General de Colombia en China. &#8220;Me voy para la China, pero les dejo mi cari\u00f1o y amistad,&#8221; dijo entre aplausos, lagrimas y mucho cari\u00f1o de parte de todos los asistentes.<\/p>\n","protected":false},"excerpt":{"rendered":"<p>Por su invaluable aporte durante varios a\u00f1os a la comunidad colombiana desde sus diferentes cargos como C\u00f3nsul General, Presidente de la C\u00e1mara de Comercio Colombo Americana y Directora de ProExport [&hellip;]<\/p>\n","protected":false},"author":1,"featured_media":0,"comment_status":"open","ping_status":"open","sticky":false,"template":"","format":"standard","meta":{"_acf_changed":false,"footnotes":""},"categories":[1303],"tags":[],"class_list":["post-411","post","type-post","status-publish","format-standard","hentry","category-reconocimientos"],"acf":[],"_links":{"self":[{"href":"https:\/\/mirausa.net\/index.php?rest_route=\/wp\/v2\/posts\/411","targetHints":{"allow":["GET"]}}],"collection":[{"href":"https:\/\/mirausa.net\/index.php?rest_route=\/wp\/v2\/posts"}],"about":[{"href":"https:\/\/mirausa.net\/index.php?rest_route=\/wp\/v2\/types\/post"}],"author":[{"embeddable":true,"href":"https:\/\/mirausa.net\/index.php?rest_route=\/wp\/v2\/users\/1"}],"replies":[{"embeddable":true,"href":"https:\/\/mirausa.net\/index.php?rest_route=%2Fwp%2Fv2%2Fcomments&post=411"}],"version-history":[{"count":1,"href":"https:\/\/mirausa.net\/index.php?rest_route=\/wp\/v2\/posts\/411\/revisions"}],"predecessor-version":[{"id":26583,"href":"https:\/\/mirausa.net\/index.php?rest_route=\/wp\/v2\/posts\/411\/revisions\/26583"}],"wp:attachment":[{"href":"https:\/\/mirausa.net\/index.php?rest_route=%2Fwp%2Fv2%2Fmedia&parent=411"}],"wp:term":[{"taxonomy":"category","embeddable":true,"href":"https:\/\/mirausa.net\/index.php?rest_route=%2Fwp%2Fv2%2Fcategories&post=411"},{"taxonomy":"post_tag","embeddable":true,"href":"https:\/\/mirausa.net\/index.php?rest_route=%2Fwp%2Fv2%2Ftags&post=411"}],"curies":[{"name":"wp","href":"https:\/\/api.w.org\/{rel}","templated":true}]}}