{"id":4282,"date":"2018-07-31T02:19:30","date_gmt":"2018-07-31T02:19:30","guid":{"rendered":"https:\/\/mirausa.net\/?p=4282"},"modified":"2025-05-04T23:31:54","modified_gmt":"2025-05-05T04:31:54","slug":"participacion-de-mira-usa-en-celebracion-de-la-independencia-de-colombia","status":"publish","type":"post","link":"https:\/\/mirausa.net\/?p=4282","title":{"rendered":"Participaci\u00f3n de MIRA USA en celebraci\u00f3n de la Independencia de Colombia"},"content":{"rendered":"<p><img fetchpriority=\"high\" decoding=\"async\" class=\"alignnone size-medium wp-image-4283\" src=\"https:\/\/mirausa.net\/wp-content\/uploads\/2018\/07\/Equipo-organizado-durante-la-presentaci\u00f3n-de-MIRA-USA-300x200.jpg\" alt=\"\" width=\"300\" height=\"200\" \/>Charlotte, NC \u2013 El entusiasmo, alegr\u00eda y compromiso que caracteriza a los mira\u00edstas, quedaron plasmadas durante el C\u00f3ctel de Independencia de Colombia realizado por el grupo L\u00edderes Colombianos en Charlotte el 19 de julio.<\/p>\n<p>El evento tuvo lugar en el ic\u00f3nico Museo Levine del Nuevo Sur localizado en el coraz\u00f3n de Charlotte, a donde llegaron alrededor de 200 personas para disfrutar de un solemne programa conducido por los colombianos Roc\u00edo Gonz\u00e1lez, directora ejecutiva de la C\u00e1mara de Comercio Latinoamericana de Charlotte (LACCC), y Carlos S\u00e1nchez, vicepresidente de Asuntos Externos de AT&amp;T.<\/p>\n<p>Haga click <a href=\"https:\/\/www.flickr.com\/photos\/mirausa\/albums\/72157698022664191\">aqu\u00ed<\/a> para ver la galeria de fotos<\/p>\n<p>Los mira\u00edstas se encargaron de liderar diversas tareas, desde anfitriones, encargarse del registro de invitados y colocarle a cada uno el gallardete tricolor, manejar el audio y video, hasta el arreglo y decoraci\u00f3n de las mesas.<\/p>\n<p>MIRA USA adem\u00e1s cont\u00f3 con una mesa informativa, por ser una de las entidades patrocinadoras este a\u00f1o, as\u00ed como de tener la oportunidad de presentar ante el p\u00fablico la organizaci\u00f3n.<\/p>\n<p>\u201cEl trabajo de las personas de MIRA USA fue impecable e importante para que el evento resultara exitoso\u201d, coment\u00f3 Oscar Saavedra, ejecutivo del PNC Bank, principal patrocinador del c\u00f3ctel.<\/p>\n<p>La celebraci\u00f3n que comenz\u00f3 a las 6:00 p.m. y se extendi\u00f3 hasta las 9:00 p.m., incluy\u00f3 los saludos en video de distintos dignatarios como Juan David V\u00e9lez, representante de los colombianos en el exterior, el c\u00f3nsul Bladimiro Cuello y Vi Lyles, alcaldesa de la Ciudad Reina, y la presentaci\u00f3n de Federico R\u00edos, director de Diversidad de la Ciudad de Charlotte.<\/p>\n<p>As\u00ed mismo se tuvieron las presentaciones de las cantantes colombianas: Ana Lucia Divins, y Yussely Forero, quienes interpretaron los himnos patrios de Estados Unidos y Colombia, as\u00ed como el show musical de Laura Villamil, acompa\u00f1ada del guitarrista H\u00e9ctor Cort\u00e9s Padilla.<\/p>\n<p>Los invitados disfrutaron de antojitos y postres colombianos ofrecidos por el Restaurante Los Paisas y Manolo\u00b4s Bakery, y pudieron socializar y participar en distintos sorteos al cierre del evento, entre ellos un certificado de una cena para dos personas en el restaurante Lucianos, por parte de MIRA USA.<\/p>\n<p>La velada result\u00f3 ser una importante ventana para MIRA USA, as\u00ed como una oportunidad de mostrar con sus voluntarios los valores del mira\u00edsmo.<\/p>\n","protected":false},"excerpt":{"rendered":"<p>Charlotte, NC \u2013 El entusiasmo, alegr\u00eda y compromiso que caracteriza a los mira\u00edstas, quedaron plasmadas durante el C\u00f3ctel de Independencia de Colombia realizado por el grupo L\u00edderes Colombianos en Charlotte [&hellip;]<\/p>\n","protected":false},"author":1,"featured_media":0,"comment_status":"closed","ping_status":"open","sticky":false,"template":"","format":"standard","meta":{"_acf_changed":false,"footnotes":""},"categories":[121],"tags":[222,223,224,225],"class_list":["post-4282","post","type-post","status-publish","format-standard","hentry","category-noticias","tag-camara-de-comercioo-lationamericana-de-charlotte-es","tag-independencia-de-colombia-es","tag-lideres-colombianos-en-charlotte-es","tag-museo-levine-del-nuevo-sur-es"],"acf":[],"_links":{"self":[{"href":"https:\/\/mirausa.net\/index.php?rest_route=\/wp\/v2\/posts\/4282","targetHints":{"allow":["GET"]}}],"collection":[{"href":"https:\/\/mirausa.net\/index.php?rest_route=\/wp\/v2\/posts"}],"about":[{"href":"https:\/\/mirausa.net\/index.php?rest_route=\/wp\/v2\/types\/post"}],"author":[{"embeddable":true,"href":"https:\/\/mirausa.net\/index.php?rest_route=\/wp\/v2\/users\/1"}],"replies":[{"embeddable":true,"href":"https:\/\/mirausa.net\/index.php?rest_route=%2Fwp%2Fv2%2Fcomments&post=4282"}],"version-history":[{"count":1,"href":"https:\/\/mirausa.net\/index.php?rest_route=\/wp\/v2\/posts\/4282\/revisions"}],"predecessor-version":[{"id":26440,"href":"https:\/\/mirausa.net\/index.php?rest_route=\/wp\/v2\/posts\/4282\/revisions\/26440"}],"wp:attachment":[{"href":"https:\/\/mirausa.net\/index.php?rest_route=%2Fwp%2Fv2%2Fmedia&parent=4282"}],"wp:term":[{"taxonomy":"category","embeddable":true,"href":"https:\/\/mirausa.net\/index.php?rest_route=%2Fwp%2Fv2%2Fcategories&post=4282"},{"taxonomy":"post_tag","embeddable":true,"href":"https:\/\/mirausa.net\/index.php?rest_route=%2Fwp%2Fv2%2Ftags&post=4282"}],"curies":[{"name":"wp","href":"https:\/\/api.w.org\/{rel}","templated":true}]}}