{"id":430,"date":"2012-12-10T17:16:45","date_gmt":"2012-12-10T17:16:45","guid":{"rendered":"https:\/\/mirausa.net\/wpmirausa\/legislacion-anti-discriminacion-del-miraismo-reconocida-como-practica-positiva-en-el-foro-sobre-cuestiones-de-las-minorias-de-naciones-unidas\/"},"modified":"2012-12-10T17:16:45","modified_gmt":"2012-12-10T17:16:45","slug":"legislacion-anti-discriminacion-del-miraismo-reconocida-como-practica-positiva-en-el-foro-sobre-cuestiones-de-las-minorias-de-naciones-unidas","status":"publish","type":"post","link":"https:\/\/mirausa.net\/?p=430","title":{"rendered":"Legislaci\u00f3n anti-discriminaci\u00f3n del Miraismo\u00ae, reconocida como pr\u00e1ctica positiva en el \u201cForo sobre Cuestiones de las Minor\u00edas\u201d de Naciones Unidas."},"content":{"rendered":"<p><img decoding=\"async\" src=\"images\/Nacional-foro-minorias-image.jpg\" width=\"200\" height=\"150\" style=\"margin-right: 10px; float: left;\" \/>Ginebra, 29 Noviembre 2012<\/p>\n<p>El pasado 27 y 28 de noviembre de 2012 se reuni\u00f3 en la sede de Naciones Unidas en Ginebra, el Foro sobre Cuestiones de las Minor\u00edas.<\/p>\n<p>El a\u00f1o 2012 se cumplen 20 a\u00f1os de la Declaraci\u00f3n sobre los derechos de las personas pertenecientes a minor\u00edas nacionales o \u00e9tnicas, religiosas y ling\u00fc\u00edsticas.<\/p>\n<p>Ver fotos <a href=\"http:\/\/www.flickr.com\/photos\/mirausa\/sets\/72157632216800640\/show\/\" target=\"_blank\" rel=\"noopener noreferrer\">aqu\u00ed.<\/a><\/p>\n<p> <!--more--> <\/p>\n<p>La Declaraci\u00f3n es una fuente autorizada de orientaci\u00f3n que establece normas fundamentales sobre los derechos de las minor\u00edas, que van desde la protecci\u00f3n de su existencia e identidad, a la no discriminaci\u00f3n y la participaci\u00f3n efectiva en la vida cultural, religiosa, social, econ\u00f3mica y publica.<\/p>\n<p>Una delegaci\u00f3n de la Asociaci\u00f3n Miraismo Internacional, fue invitada a participar y exponer algunas recomendaciones para ser trasladas al Consejo de Derechos humanos y a los pa\u00edses miembros, dentro de las cuales tuvo una gran acogida la que destaca \u201cla importancia de que los estados desarrollen leyes que penalicen los actos de discriminaci\u00f3n y racismo\u201d, aportando como ejemplo de pr\u00e1ctica positiva, la ley 1482\/2011 autor\u00eda del Senador Carlos Alberto Baena, Presidente del Movimiento Pol\u00edtico MIRA.<\/p>\n<p>La Experta independiente sobre cuestiones de las minor\u00edas Rita Izs\u00e1k recogi\u00f3 esta recomendaci\u00f3n para ser elevada al Consejo de Derechos Humanos en su 22\u00ba per\u00edodo de sesiones, \u201calentando a los Gobiernos para que establezcan leyes que protejan las minor\u00edas y penalicen todo acto de discriminaci\u00f3n y racismo\u201d , mostr\u00e1ndose muy satisfecha por la iniciativa legislativa desarrollada por el Senador Baena en Colombia.<\/p>\n<p>De igual manera en el transcurso del foro se resalto la importancia de difundir y valorar la Declaraci\u00f3n sobre los derechos de las minor\u00edas de 1992, celebrar su 20\u00ba aniversario y alentar a los estados a instaurar un D\u00eda Nacional de las Minor\u00edas.<\/p>\n<p>Entre las recomendaciones realizadas por la delegaci\u00f3n de la Asociaci\u00f3n Miraismo Internacional, se hizo alusi\u00f3n a promover relaciones de equidad entre los estados y las minor\u00edas religiosas, en aspectos el acceso a la financiaci\u00f3n y la presencia en espacios y medios de comunicaci\u00f3n p\u00fablicos.<\/p>\n<p>Por otra parte, se sugiri\u00f3 que los estados promuevan mecanismos legislativos que garanticen el pleno derecho a la participaci\u00f3n pol\u00edtica de las minor\u00edas nacionales.<\/p>\n<p>Oficina de Prensa<br \/><a href=\"mailto:info@miraismo.org\">info@miraismo.org<\/a><br \/><a href=\"http:\/\/www.miraismo.org\/en\" target=\"_blank\" rel=\"noopener noreferrer\">www.miraismo.org<\/a><\/p>\n","protected":false},"excerpt":{"rendered":"<p>Ginebra, 29 Noviembre 2012 El pasado 27 y 28 de noviembre de 2012 se reuni\u00f3 en la sede de Naciones Unidas en Ginebra, el Foro sobre Cuestiones de las Minor\u00edas. [&hellip;]<\/p>\n","protected":false},"author":1,"featured_media":0,"comment_status":"open","ping_status":"open","sticky":false,"template":"","format":"standard","meta":{"_acf_changed":false,"footnotes":""},"categories":[1],"tags":[],"class_list":["post-430","post","type-post","status-publish","format-standard","hentry","category-sin-categoria"],"acf":[],"_links":{"self":[{"href":"https:\/\/mirausa.net\/index.php?rest_route=\/wp\/v2\/posts\/430","targetHints":{"allow":["GET"]}}],"collection":[{"href":"https:\/\/mirausa.net\/index.php?rest_route=\/wp\/v2\/posts"}],"about":[{"href":"https:\/\/mirausa.net\/index.php?rest_route=\/wp\/v2\/types\/post"}],"author":[{"embeddable":true,"href":"https:\/\/mirausa.net\/index.php?rest_route=\/wp\/v2\/users\/1"}],"replies":[{"embeddable":true,"href":"https:\/\/mirausa.net\/index.php?rest_route=%2Fwp%2Fv2%2Fcomments&post=430"}],"version-history":[{"count":0,"href":"https:\/\/mirausa.net\/index.php?rest_route=\/wp\/v2\/posts\/430\/revisions"}],"wp:attachment":[{"href":"https:\/\/mirausa.net\/index.php?rest_route=%2Fwp%2Fv2%2Fmedia&parent=430"}],"wp:term":[{"taxonomy":"category","embeddable":true,"href":"https:\/\/mirausa.net\/index.php?rest_route=%2Fwp%2Fv2%2Fcategories&post=430"},{"taxonomy":"post_tag","embeddable":true,"href":"https:\/\/mirausa.net\/index.php?rest_route=%2Fwp%2Fv2%2Ftags&post=430"}],"curies":[{"name":"wp","href":"https:\/\/api.w.org\/{rel}","templated":true}]}}