{"id":4363,"date":"2018-10-04T17:14:21","date_gmt":"2018-10-04T21:14:21","guid":{"rendered":"https:\/\/mirausa.net\/?p=4363"},"modified":"2018-10-04T17:14:21","modified_gmt":"2018-10-04T21:14:21","slug":"mira-usa-celebro-la-herencia-latina-caminando-en-el-desfile-de-las-naciones-2018-en-washington-d-c","status":"publish","type":"post","link":"https:\/\/mirausa.net\/?p=4363","title":{"rendered":"MIRA USA celebr\u00f3 la herencia latina caminando en el Desfile de las Naciones 2018 en Washington D.C."},"content":{"rendered":"<p><img fetchpriority=\"high\" decoding=\"async\" class=\"alignnone size-medium wp-image-4364\" src=\"https:\/\/mirausa.net\/wp-content\/uploads\/2018\/10\/PHOTO-2018-09-29-21-14-17-3-300x225.jpg\" alt=\"\" width=\"300\" height=\"225\" \/><\/p>\n<p>Washington D.C. \u2013\u00a0 El 29 de septiembre se llev\u00f3 a cabo el desfile latino m\u00e1s grande en Washington D.C., conmemorando el mes de la hispanidad donde MIRA USA estuvo presente como organizaci\u00f3n c\u00edvica con representaci\u00f3n de los voluntarios de Maryland, Virginia y Washington D.C. Los voluntarios desfilaron junto a todos los pa\u00edses latinoamericanos con sus banderas de diferentes pa\u00edses celebrando nuestra herencia latina. Adem\u00e1s,\u00a0 disfrutaron de una tarde llena de diversidad cultural, adultos y ni\u00f1os caminaron junto a grupos culturales que representaban los diferentes pa\u00edses hispanos y que apoyaban la herencia hispana.<\/p>\n<p>Haga click <a href=\"https:\/\/www.flickr.com\/photos\/mirausa\/albums\/72157696209596420\">aqu\u00ed<\/a> para ver las fotos<\/p>\n<p>&nbsp;<\/p>\n","protected":false},"excerpt":{"rendered":"<p>Washington D.C. \u2013\u00a0 El 29 de septiembre se llev\u00f3 a cabo el desfile latino m\u00e1s grande en Washington D.C., conmemorando el mes de la hispanidad donde MIRA USA estuvo presente [&hellip;]<\/p>\n","protected":false},"author":1,"featured_media":0,"comment_status":"open","ping_status":"open","sticky":false,"template":"","format":"standard","meta":{"_acf_changed":false,"footnotes":""},"categories":[1],"tags":[249,250],"class_list":["post-4363","post","type-post","status-publish","format-standard","hentry","category-sin-categoria","tag-desfile-de-las-naciones-2018","tag-fiesta-dc-2018"],"acf":[],"_links":{"self":[{"href":"https:\/\/mirausa.net\/index.php?rest_route=\/wp\/v2\/posts\/4363","targetHints":{"allow":["GET"]}}],"collection":[{"href":"https:\/\/mirausa.net\/index.php?rest_route=\/wp\/v2\/posts"}],"about":[{"href":"https:\/\/mirausa.net\/index.php?rest_route=\/wp\/v2\/types\/post"}],"author":[{"embeddable":true,"href":"https:\/\/mirausa.net\/index.php?rest_route=\/wp\/v2\/users\/1"}],"replies":[{"embeddable":true,"href":"https:\/\/mirausa.net\/index.php?rest_route=%2Fwp%2Fv2%2Fcomments&post=4363"}],"version-history":[{"count":0,"href":"https:\/\/mirausa.net\/index.php?rest_route=\/wp\/v2\/posts\/4363\/revisions"}],"wp:attachment":[{"href":"https:\/\/mirausa.net\/index.php?rest_route=%2Fwp%2Fv2%2Fmedia&parent=4363"}],"wp:term":[{"taxonomy":"category","embeddable":true,"href":"https:\/\/mirausa.net\/index.php?rest_route=%2Fwp%2Fv2%2Fcategories&post=4363"},{"taxonomy":"post_tag","embeddable":true,"href":"https:\/\/mirausa.net\/index.php?rest_route=%2Fwp%2Fv2%2Ftags&post=4363"}],"curies":[{"name":"wp","href":"https:\/\/api.w.org\/{rel}","templated":true}]}}