{"id":4396,"date":"2018-10-22T22:21:41","date_gmt":"2018-10-23T02:21:41","guid":{"rendered":"https:\/\/mirausa.net\/?p=4396"},"modified":"2025-05-04T23:39:01","modified_gmt":"2025-05-05T04:39:01","slug":"capacitando-a-la-comunidad-hispana-en-temas-de-inmigracion-en-elizabeth-nj","status":"publish","type":"post","link":"https:\/\/mirausa.net\/?p=4396","title":{"rendered":"Capacitando a la comunidad hispana en temas de inmigraci\u00f3n en Elizabeth, NJ."},"content":{"rendered":"<p><img fetchpriority=\"high\" decoding=\"async\" class=\"alignnone size-medium wp-image-4397\" src=\"https:\/\/mirausa.net\/wp-content\/uploads\/2018\/10\/Abogado-Oscar-Barbosa-dictando-el-taller-300x225.jpg\" alt=\"\" width=\"300\" height=\"225\" \/><\/p>\n<p>Elizabeth, NJ &#8211; El pasado s\u00e1bado 13 de octubre, MIRA USA realiz\u00f3 un taller informativo para capacitar la comunidad hispana en los diferentes temas de inmigraci\u00f3n. El taller se llev\u00f3 a cabo en el Peterstown Community Center y contando con la ayuda del abogado Oscar Barbosa de Diaspora Law Office.<\/p>\n<p>Haga click <a href=\"https:\/\/www.flickr.com\/photos\/mirausa\/albums\/72157696861742690\/with\/31635249388\/\">aqu\u00ed<\/a> para ver las fotos<\/p>\n<p>El abogado Barbosa ense\u00f1\u00f3 a todos los participantes acerca de temas como \u00f3rdenes de deportaci\u00f3n, perdones, asilo pol\u00edtico, separaciones de familia, el Dream Act y muchos m\u00e1s. Adem\u00e1s, hubo un espacio de preguntas en la cual los asistentes tuvieron la oportunidad de resolver cualquier inquietud que tuvieran. Tambi\u00e9n se les ofreci\u00f3 la oportunidad de hacer una cita con el abogado a un costo muy m\u00ednimo.<\/p>\n<p>Todos los asistentes quedaron muy satisfechos y agradecidos con MIRA USA por haber ofrecido esta capacitaci\u00f3n tan valiosa para comunidad hispana<\/p>\n","protected":false},"excerpt":{"rendered":"<p>Elizabeth, NJ &#8211; El pasado s\u00e1bado 13 de octubre, MIRA USA realiz\u00f3 un taller informativo para capacitar la comunidad hispana en los diferentes temas de inmigraci\u00f3n. El taller se llev\u00f3 [&hellip;]<\/p>\n","protected":false},"author":1,"featured_media":0,"comment_status":"open","ping_status":"open","sticky":false,"template":"","format":"standard","meta":{"_acf_changed":false,"footnotes":""},"categories":[121],"tags":[276,277,278,95,279,280],"class_list":["post-4396","post","type-post","status-publish","format-standard","hentry","category-noticias","tag-deam-act","tag-diaspora-law-office","tag-inmigracion","tag-mira-usa","tag-oscar-barbosa","tag-peterstown-community-center"],"acf":[],"_links":{"self":[{"href":"https:\/\/mirausa.net\/index.php?rest_route=\/wp\/v2\/posts\/4396","targetHints":{"allow":["GET"]}}],"collection":[{"href":"https:\/\/mirausa.net\/index.php?rest_route=\/wp\/v2\/posts"}],"about":[{"href":"https:\/\/mirausa.net\/index.php?rest_route=\/wp\/v2\/types\/post"}],"author":[{"embeddable":true,"href":"https:\/\/mirausa.net\/index.php?rest_route=\/wp\/v2\/users\/1"}],"replies":[{"embeddable":true,"href":"https:\/\/mirausa.net\/index.php?rest_route=%2Fwp%2Fv2%2Fcomments&post=4396"}],"version-history":[{"count":1,"href":"https:\/\/mirausa.net\/index.php?rest_route=\/wp\/v2\/posts\/4396\/revisions"}],"predecessor-version":[{"id":26528,"href":"https:\/\/mirausa.net\/index.php?rest_route=\/wp\/v2\/posts\/4396\/revisions\/26528"}],"wp:attachment":[{"href":"https:\/\/mirausa.net\/index.php?rest_route=%2Fwp%2Fv2%2Fmedia&parent=4396"}],"wp:term":[{"taxonomy":"category","embeddable":true,"href":"https:\/\/mirausa.net\/index.php?rest_route=%2Fwp%2Fv2%2Fcategories&post=4396"},{"taxonomy":"post_tag","embeddable":true,"href":"https:\/\/mirausa.net\/index.php?rest_route=%2Fwp%2Fv2%2Ftags&post=4396"}],"curies":[{"name":"wp","href":"https:\/\/api.w.org\/{rel}","templated":true}]}}