{"id":4428,"date":"2018-11-12T13:41:25","date_gmt":"2018-11-12T18:41:25","guid":{"rendered":"https:\/\/mirausa.net\/?p=4428"},"modified":"2018-11-12T13:41:25","modified_gmt":"2018-11-12T18:41:25","slug":"mira-usa-en-colombiafest","status":"publish","type":"post","link":"https:\/\/mirausa.net\/?p=4428","title":{"rendered":"MIRA USA en ColombiaFEST"},"content":{"rendered":"<p><img fetchpriority=\"high\" decoding=\"async\" class=\"alignnone  wp-image-4431\" src=\"https:\/\/mirausa.net\/wp-content\/uploads\/2018\/11\/Mesa-de-informaci\u00f3n-MIRA-USA-300x225.jpg\" alt=\"\" width=\"252\" height=\"202\" \/><\/p>\n<p>New York &#8211; NY.\u00a0 La organizaci\u00f3n MIRA USA particip\u00f3 en la V Feria de Servicios organizada por los consulados de Colombia en Nueva York y Newark,\u00a0 y el programa Colombia Nos Une, realizada el pasado 20 y 21 de octubre en Manhattan.<\/p>\n<p>Por su parte, MIRA USA tuvo la oportunidad de dar a conocer su labor, su objetivo de servicio al inmigrante, difundir sus programas, actividades realizadas en el transcurso del a\u00f1o en apoyo a instituciones como La Cruz Roja en el programa de instalaci\u00f3n de alarmas \u201cSalvando Vidas\u201d, como la Universidad CUNY en el programa \u201cCitizenship Now\u201d y cursos de capacitaci\u00f3n dirigidos a contratistas y peque\u00f1as compa\u00f1\u00edas de contrataci\u00f3n con la colaboraci\u00f3n de Northeast Small Business Transportation Resource Center, entre otros.<\/p>\n<p>Haga click <a href=\"https:\/\/www.flickr.com\/photos\/mirausa\/albums\/72157697643238740\">aqu\u00ed<\/a> para ver las fotos<\/p>\n<p>El ColombiaFest o Feria de Servicios es la feria m\u00e1s grande para colombianos en el \u00e1rea triestatal y nuestra Organizaci\u00f3n tuvo por tercer a\u00f1o consecutivo, su ventana de acercamiento\u00a0 a m\u00e1s de tres mil personas asistentes al lugar, entre las cuales\u00a0 podemos contar la destacable visita de la Se\u00f1orita Colombia 2018: Valeria Morales y del Embajador de Colombia en Washington: Francisco Santos a la mesa de informaci\u00f3n de MIRA USA. \u00a0Ayudar Nos Mueve.<\/p>\n","protected":false},"excerpt":{"rendered":"<p>New York &#8211; NY.\u00a0 La organizaci\u00f3n MIRA USA particip\u00f3 en la V Feria de Servicios organizada por los consulados de Colombia en Nueva York y Newark,\u00a0 y el programa Colombia [&hellip;]<\/p>\n","protected":false},"author":1,"featured_media":0,"comment_status":"closed","ping_status":"open","sticky":false,"template":"","format":"standard","meta":{"_acf_changed":false,"footnotes":""},"categories":[1],"tags":[327,328,329,208,330,331,95,332,333],"class_list":["post-4428","post","type-post","status-publish","format-standard","hentry","category-sin-categoria","tag-american-red-cross-ny","tag-colombiafest-v-feria-de-servicios","tag-consulado-de-colombia","tag-cuny","tag-embajador-de-colombia-en-washington","tag-francisco-santos","tag-mira-usa","tag-northeast-small-business-transportation-resource-center","tag-senorita-colombia-2018-valeria-morales"],"acf":[],"_links":{"self":[{"href":"https:\/\/mirausa.net\/index.php?rest_route=\/wp\/v2\/posts\/4428","targetHints":{"allow":["GET"]}}],"collection":[{"href":"https:\/\/mirausa.net\/index.php?rest_route=\/wp\/v2\/posts"}],"about":[{"href":"https:\/\/mirausa.net\/index.php?rest_route=\/wp\/v2\/types\/post"}],"author":[{"embeddable":true,"href":"https:\/\/mirausa.net\/index.php?rest_route=\/wp\/v2\/users\/1"}],"replies":[{"embeddable":true,"href":"https:\/\/mirausa.net\/index.php?rest_route=%2Fwp%2Fv2%2Fcomments&post=4428"}],"version-history":[{"count":0,"href":"https:\/\/mirausa.net\/index.php?rest_route=\/wp\/v2\/posts\/4428\/revisions"}],"wp:attachment":[{"href":"https:\/\/mirausa.net\/index.php?rest_route=%2Fwp%2Fv2%2Fmedia&parent=4428"}],"wp:term":[{"taxonomy":"category","embeddable":true,"href":"https:\/\/mirausa.net\/index.php?rest_route=%2Fwp%2Fv2%2Fcategories&post=4428"},{"taxonomy":"post_tag","embeddable":true,"href":"https:\/\/mirausa.net\/index.php?rest_route=%2Fwp%2Fv2%2Ftags&post=4428"}],"curies":[{"name":"wp","href":"https:\/\/api.w.org\/{rel}","templated":true}]}}