{"id":502,"date":"2013-04-10T02:06:45","date_gmt":"2013-04-10T02:06:45","guid":{"rendered":"https:\/\/mirausa.net\/wpmirausa\/miraistas-marchan-por-la-reforma-migratoria-en-miami\/"},"modified":"2013-04-10T02:06:45","modified_gmt":"2013-04-10T02:06:45","slug":"miraistas-marchan-por-la-reforma-migratoria-en-miami","status":"publish","type":"post","link":"https:\/\/mirausa.net\/?p=502","title":{"rendered":"Mira\u00edstas marchan por la reforma migratoria en Miami"},"content":{"rendered":"<p style=\"text-align: justify;\"><img decoding=\"async\" src=\"images\/stories\/Florida\/Mirastas-marchan-por-la-reforma-migratoria-en-Miami-image.jpg\" alt=\"Mirastas-marchan-por-la-reforma-migratoria-en-Miami-image\" title=\"Mira\u00edstas marchan por la reforma migratoria en Miami\" width=\"250\" height=\"186\" style=\"margin-right: 10px; float: left;\" \/>Miami, FL &#8211; El s\u00e1bado 6 de Abril del 2013 en el parque Jos\u00e9 Mart\u00ed se reunieron centenares de personas de diferentes nacionalidades unidas, las cuales marcharon por las calles de Miami hacia el parque Bayfront a favor en pro de una reforma migratoria integral que abra un camino para que millones de inmigrantes indocumentados en este Estados Unidos obtengan su ciudadan\u00eda. &nbsp;<\/p>\n<p>Haga <a href=\"http:\/\/www.flickr.com\/photos\/mirausa\/sets\/72157633194687489\/show\/\" target=\"_blank\" rel=\"noopener noreferrer\">click <\/a>para ver fotos del evento aqu\u00ed<\/p>\n<p>  <!--more-->  <\/p>\n<p>&#8220;Ahora es el momento\u201d, \u201cParen las deportaciones\u201d, &nbsp;\u201cQuiero a mi familia unida&#8221;, fueron algunos de los lemas con los que los manifestantes pidieron el cambio de legislaci\u00f3n.<\/p>\n<p>Esta marcha pac\u00edfica fue organizada por la Coalici\u00f3n de inmigrantes de la Florida y respaldada por el Alcalde de Miami Tom\u00e1s Regalado.<\/p>\n<p>Durante aproximadamente por dos horas los participantes se dirigieron al Senador por la Florida Marco Rubio. El pr\u00f3ximo 10 de Abril seguir\u00e1n las movilizaciones y para aquella fecha tambi\u00e9n se ha organizado una caravana para ir hasta &nbsp;Washington DC.<\/p>\n","protected":false},"excerpt":{"rendered":"<p>Miami, FL &#8211; El s\u00e1bado 6 de Abril del 2013 en el parque Jos\u00e9 Mart\u00ed se reunieron centenares de personas de diferentes nacionalidades unidas, las cuales marcharon por las calles [&hellip;]<\/p>\n","protected":false},"author":1,"featured_media":0,"comment_status":"open","ping_status":"open","sticky":false,"template":"","format":"standard","meta":{"_acf_changed":false,"footnotes":""},"categories":[1],"tags":[],"class_list":["post-502","post","type-post","status-publish","format-standard","hentry","category-sin-categoria"],"acf":[],"_links":{"self":[{"href":"https:\/\/mirausa.net\/index.php?rest_route=\/wp\/v2\/posts\/502","targetHints":{"allow":["GET"]}}],"collection":[{"href":"https:\/\/mirausa.net\/index.php?rest_route=\/wp\/v2\/posts"}],"about":[{"href":"https:\/\/mirausa.net\/index.php?rest_route=\/wp\/v2\/types\/post"}],"author":[{"embeddable":true,"href":"https:\/\/mirausa.net\/index.php?rest_route=\/wp\/v2\/users\/1"}],"replies":[{"embeddable":true,"href":"https:\/\/mirausa.net\/index.php?rest_route=%2Fwp%2Fv2%2Fcomments&post=502"}],"version-history":[{"count":0,"href":"https:\/\/mirausa.net\/index.php?rest_route=\/wp\/v2\/posts\/502\/revisions"}],"wp:attachment":[{"href":"https:\/\/mirausa.net\/index.php?rest_route=%2Fwp%2Fv2%2Fmedia&parent=502"}],"wp:term":[{"taxonomy":"category","embeddable":true,"href":"https:\/\/mirausa.net\/index.php?rest_route=%2Fwp%2Fv2%2Fcategories&post=502"},{"taxonomy":"post_tag","embeddable":true,"href":"https:\/\/mirausa.net\/index.php?rest_route=%2Fwp%2Fv2%2Ftags&post=502"}],"curies":[{"name":"wp","href":"https:\/\/api.w.org\/{rel}","templated":true}]}}