{"id":562,"date":"2013-06-26T22:24:26","date_gmt":"2013-06-26T22:24:26","guid":{"rendered":"https:\/\/mirausa.net\/wpmirausa\/nueva-york-y-nueva-jersey-se-unen-en-desfile-colombiano\/"},"modified":"2025-03-11T22:29:03","modified_gmt":"2025-03-12T03:29:03","slug":"nueva-york-y-nueva-jersey-se-unen-en-desfile-colombiano","status":"publish","type":"post","link":"https:\/\/mirausa.net\/?p=562","title":{"rendered":"Nueva York y Nueva Jersey se unen en desfile colombiano"},"content":{"rendered":"<p><img decoding=\"async\" src=\"images\/stories\/New_York\/NY-NJ-unen-desfile-colombiano-image.jpg\" border=\"0\" width=\"200\" height=\"150\" style=\"border: 1px solid black; float: left; margin: 5px;\" \/>North Bergen, NJ \u2013 Con un grupo de bailarinas de cumbia y un hermoso tr\u00edo de ni\u00f1os vallenateros, MIRA USA apoy\u00f3 el desfile colombiano celebrado el pasado domingo 23 de junio, y que reuni\u00f3 a la colonia colombiana residente en Nueva Jersey y Nueva York.<\/p>\n<p><span style=\"margin: 0px; padding: 0px; border: 0px; outline: 0px; transition: color 0.1s ease-in; -webkit-transition: color 0.1s ease-in; color: #333333; font-family: 'Lucida Grande', 'Lucida Sans Unicode', Helvetica, Arial, sans-serif; line-height: 1.3em; background-color: transparent;\">Haga clic <a href=\"http:\/\/www.flickr.com\/photos\/mirausa\/sets\/72157634472003680\/\" target=\"_blank\" rel=\"noopener noreferrer\">aqu\u00ed<\/a> para ver fotos del evento<\/span><\/p>\n<p>El desfile que se realiz\u00f3 en el condado de Hudson, desde la calle 80 hasta la calle 43 de la avenida Bergenline, en Nueva Jersey, el p\u00fablico disfrut\u00f3 tanto de los diferentes bailes t\u00edpicos con sus hermosos y coloridos vestuarios, como de la m\u00fasica colombiana.\u00a0<\/p>\n<p><span style=\"line-height: 1.3em;\">Por causa, de las diferentes muestras folkl\u00f3ricas y ambiente c\u00e1lido, muchos de los asistentes calificaron el evento como \u201ctodo un \u00e9xito\u201d.<\/span><\/p>\n<p>\u00a0<\/p>\n","protected":false},"excerpt":{"rendered":"<p>North Bergen, NJ \u2013 Con un grupo de bailarinas de cumbia y un hermoso tr\u00edo de ni\u00f1os vallenateros, MIRA USA apoy\u00f3 el desfile colombiano celebrado el pasado domingo 23 de [&hellip;]<\/p>\n","protected":false},"author":1,"featured_media":0,"comment_status":"open","ping_status":"open","sticky":false,"template":"","format":"standard","meta":{"_acf_changed":false,"footnotes":""},"categories":[121],"tags":[],"class_list":["post-562","post","type-post","status-publish","format-standard","hentry","category-noticias"],"acf":[],"_links":{"self":[{"href":"https:\/\/mirausa.net\/index.php?rest_route=\/wp\/v2\/posts\/562","targetHints":{"allow":["GET"]}}],"collection":[{"href":"https:\/\/mirausa.net\/index.php?rest_route=\/wp\/v2\/posts"}],"about":[{"href":"https:\/\/mirausa.net\/index.php?rest_route=\/wp\/v2\/types\/post"}],"author":[{"embeddable":true,"href":"https:\/\/mirausa.net\/index.php?rest_route=\/wp\/v2\/users\/1"}],"replies":[{"embeddable":true,"href":"https:\/\/mirausa.net\/index.php?rest_route=%2Fwp%2Fv2%2Fcomments&post=562"}],"version-history":[{"count":1,"href":"https:\/\/mirausa.net\/index.php?rest_route=\/wp\/v2\/posts\/562\/revisions"}],"predecessor-version":[{"id":24541,"href":"https:\/\/mirausa.net\/index.php?rest_route=\/wp\/v2\/posts\/562\/revisions\/24541"}],"wp:attachment":[{"href":"https:\/\/mirausa.net\/index.php?rest_route=%2Fwp%2Fv2%2Fmedia&parent=562"}],"wp:term":[{"taxonomy":"category","embeddable":true,"href":"https:\/\/mirausa.net\/index.php?rest_route=%2Fwp%2Fv2%2Fcategories&post=562"},{"taxonomy":"post_tag","embeddable":true,"href":"https:\/\/mirausa.net\/index.php?rest_route=%2Fwp%2Fv2%2Ftags&post=562"}],"curies":[{"name":"wp","href":"https:\/\/api.w.org\/{rel}","templated":true}]}}