{"id":590,"date":"2013-07-23T17:15:29","date_gmt":"2013-07-23T17:15:29","guid":{"rendered":"https:\/\/mirausa.net\/wpmirausa\/maryland-y-virginia-celebran-primer-festival-colombia-contigo\/"},"modified":"2025-03-11T22:29:03","modified_gmt":"2025-03-12T03:29:03","slug":"maryland-y-virginia-celebran-primer-festival-colombia-contigo","status":"publish","type":"post","link":"https:\/\/mirausa.net\/?p=590","title":{"rendered":"Maryland y Virginia celebran primer Festival Colombia Contigo"},"content":{"rendered":"<p><span style=\"line-height: 1.3em;\"><img decoding=\"async\" src=\"images\/stories\/Maryland\/colombia-contigo-MD-VA.png\" border=\"0\" width=\"200\" align=\"left\" style=\"float: left; border: 0; margin-left: 10px; margin-right: 10px;\" \/>Potomac, MD \u2013 M\u00e1s de trecientas personas se dieron cita este 20 de julio para conmemorar la independencia de Colombia con una muestra de la gastronom\u00eda, folklor y alegr\u00eda que caracterizan al pa\u00eds cafetero, en el primer festival cultural Colombia Contigo organizado por MIRA USA.<\/span><\/p>\n<p><a href=\"http:\/\/www.flickr.com\/photos\/mirausa\/sets\/72157634743228216\/\" target=\"_blank\" rel=\"noopener noreferrer\">Haga clic aqu\u00ed para ver fotos del evento<\/a><\/p>\n<p>Aunque el p\u00fablico era muy internacional, todos fueron unidos por su admiraci\u00f3n a la cultura colombiana, as\u00ed como la inspiraci\u00f3n compartida por la labor social que MIRA USA desarrolla a nivel nacional continuamente.<\/p>\n<p>La tarde goz\u00f3 de un rico ambiente musical t\u00edpico, gracias a Martha Chari con su grupo Los Tayronas y a Hern\u00e1n Orbes, quienes alegraron la ocasi\u00f3n con m\u00fasica de anta\u00f1o colombiana.<\/p>\n<p>Entre los invitados especiales estuvieron Juli\u00e1n Hoyos, presidente de la C\u00e1mara de Comercio colombiana en Washington, D.C., y Alejandro Bravo, director de la radio emisora 700AM.<\/p>\n<p>Adem\u00e1s de todas las muestras musicales y gastron\u00f3micas, se llevaron a cabo exposiciones artesanales, entre ellas el sombrero \u2018volteado\u2019 m\u00e1s grande de Estados Unidos, as\u00ed como actividades para ni\u00f1os, como \u2018pintucaritas\u2019 con decoraciones t\u00edpicas colombianas.<\/p>\n","protected":false},"excerpt":{"rendered":"<p>Potomac, MD \u2013 M\u00e1s de trecientas personas se dieron cita este 20 de julio para conmemorar la independencia de Colombia con una muestra de la gastronom\u00eda, folklor y alegr\u00eda que [&hellip;]<\/p>\n","protected":false},"author":1,"featured_media":0,"comment_status":"open","ping_status":"open","sticky":false,"template":"","format":"standard","meta":{"_acf_changed":false,"footnotes":""},"categories":[121],"tags":[],"class_list":["post-590","post","type-post","status-publish","format-standard","hentry","category-noticias"],"acf":[],"_links":{"self":[{"href":"https:\/\/mirausa.net\/index.php?rest_route=\/wp\/v2\/posts\/590","targetHints":{"allow":["GET"]}}],"collection":[{"href":"https:\/\/mirausa.net\/index.php?rest_route=\/wp\/v2\/posts"}],"about":[{"href":"https:\/\/mirausa.net\/index.php?rest_route=\/wp\/v2\/types\/post"}],"author":[{"embeddable":true,"href":"https:\/\/mirausa.net\/index.php?rest_route=\/wp\/v2\/users\/1"}],"replies":[{"embeddable":true,"href":"https:\/\/mirausa.net\/index.php?rest_route=%2Fwp%2Fv2%2Fcomments&post=590"}],"version-history":[{"count":1,"href":"https:\/\/mirausa.net\/index.php?rest_route=\/wp\/v2\/posts\/590\/revisions"}],"predecessor-version":[{"id":24537,"href":"https:\/\/mirausa.net\/index.php?rest_route=\/wp\/v2\/posts\/590\/revisions\/24537"}],"wp:attachment":[{"href":"https:\/\/mirausa.net\/index.php?rest_route=%2Fwp%2Fv2%2Fmedia&parent=590"}],"wp:term":[{"taxonomy":"category","embeddable":true,"href":"https:\/\/mirausa.net\/index.php?rest_route=%2Fwp%2Fv2%2Fcategories&post=590"},{"taxonomy":"post_tag","embeddable":true,"href":"https:\/\/mirausa.net\/index.php?rest_route=%2Fwp%2Fv2%2Ftags&post=590"}],"curies":[{"name":"wp","href":"https:\/\/api.w.org\/{rel}","templated":true}]}}