{"id":592,"date":"2013-07-24T20:51:52","date_gmt":"2013-07-24T20:51:52","guid":{"rendered":"https:\/\/mirausa.net\/wpmirausa\/participan-con-rinconcito-paisa-en-festival-colombiano\/"},"modified":"2025-05-04T23:31:58","modified_gmt":"2025-05-05T04:31:58","slug":"participan-con-rinconcito-paisa-en-festival-colombiano","status":"publish","type":"post","link":"https:\/\/mirausa.net\/?p=592","title":{"rendered":"Participan con Rinconcito Paisa en Festival Colombiano"},"content":{"rendered":"<p><span style=\"line-height: 1.3em;\"><img decoding=\"async\" src=\"images\/stories\/North_Carolina\/rincon-paisa-7-13.png\" border=\"0\" width=\"200\" align=\"left\" style=\"float: left; border: 0; margin-left: 10px; margin-right: 10px;\" \/>Charlotte, NC \u2013 Bajo un sol candente de verano, un grupo de mira\u00edstas particip\u00f3 en el Noveno Festival Colombiano en Charlotte, con un &#8220;rinconcito paisa&#8221; que caus\u00f3 sensaci\u00f3n en el evento que atrajo m\u00e1s de 10,000 asistentes.<\/span><\/p>\n<p><a href=\"http:\/\/www.flickr.com\/photos\/mirausa\/sets\/72157634783225388\" target=\"_blank\" rel=\"noopener noreferrer\">Haga clic aqu\u00ed para ver fotos del evento<\/a><\/p>\n<p>El festival se llev\u00f3 a cabo por primera vez en el Symphony Park del South Park Mall, que el pasado domingo 21 de julio se visti\u00f3 de amarillo, azul y rojo para celebrar el 203 aniversario de la Independencia de Colombia.<\/p>\n<p>Vestidos con los trajes t\u00edpicos de la regi\u00f3n cafetera, varios mira\u00edstas estuvieron todo el d\u00eda posando con los visitantes que al pasar ve\u00edan el creativo decorado y no se resistieron a tomarse una foto para llevar de recuerdo.<\/p>\n<p>El lugar que los organizadores asignaron a MIRA USA se vio por momentos aglomerado de gente atra\u00edda por el \u201crinconcito\u201d, mientras que otros mira\u00edstas aprovecharon para recoger las firmas de colombianos para apoyar la campa\u00f1a Pasaporte para Todos.<\/p>\n<p>Los mira\u00edstas tambi\u00e9n ganaron un concurso de atuendos t\u00edpicos realizado por los organizadores del festival, que al final de la actividad agradecieron a MIRA USA \u00a0por su destacada participaci\u00f3n.<\/p>\n","protected":false},"excerpt":{"rendered":"<p>Charlotte, NC \u2013 Bajo un sol candente de verano, un grupo de mira\u00edstas particip\u00f3 en el Noveno Festival Colombiano en Charlotte, con un &#8220;rinconcito paisa&#8221; que caus\u00f3 sensaci\u00f3n en el [&hellip;]<\/p>\n","protected":false},"author":1,"featured_media":0,"comment_status":"closed","ping_status":"open","sticky":false,"template":"","format":"standard","meta":{"_acf_changed":false,"footnotes":""},"categories":[121],"tags":[],"class_list":["post-592","post","type-post","status-publish","format-standard","hentry","category-noticias"],"acf":[],"_links":{"self":[{"href":"https:\/\/mirausa.net\/index.php?rest_route=\/wp\/v2\/posts\/592","targetHints":{"allow":["GET"]}}],"collection":[{"href":"https:\/\/mirausa.net\/index.php?rest_route=\/wp\/v2\/posts"}],"about":[{"href":"https:\/\/mirausa.net\/index.php?rest_route=\/wp\/v2\/types\/post"}],"author":[{"embeddable":true,"href":"https:\/\/mirausa.net\/index.php?rest_route=\/wp\/v2\/users\/1"}],"replies":[{"embeddable":true,"href":"https:\/\/mirausa.net\/index.php?rest_route=%2Fwp%2Fv2%2Fcomments&post=592"}],"version-history":[{"count":1,"href":"https:\/\/mirausa.net\/index.php?rest_route=\/wp\/v2\/posts\/592\/revisions"}],"predecessor-version":[{"id":26471,"href":"https:\/\/mirausa.net\/index.php?rest_route=\/wp\/v2\/posts\/592\/revisions\/26471"}],"wp:attachment":[{"href":"https:\/\/mirausa.net\/index.php?rest_route=%2Fwp%2Fv2%2Fmedia&parent=592"}],"wp:term":[{"taxonomy":"category","embeddable":true,"href":"https:\/\/mirausa.net\/index.php?rest_route=%2Fwp%2Fv2%2Fcategories&post=592"},{"taxonomy":"post_tag","embeddable":true,"href":"https:\/\/mirausa.net\/index.php?rest_route=%2Fwp%2Fv2%2Ftags&post=592"}],"curies":[{"name":"wp","href":"https:\/\/api.w.org\/{rel}","templated":true}]}}