{"id":601,"date":"2013-07-31T17:11:29","date_gmt":"2013-07-31T17:11:29","guid":{"rendered":"https:\/\/mirausa.net\/wpmirausa\/filadelfia-celebra-con-exito-primer-festival-cultural-colombia-contigo\/"},"modified":"2025-03-11T22:29:03","modified_gmt":"2025-03-12T03:29:03","slug":"filadelfia-celebra-con-exito-primer-festival-cultural-colombia-contigo","status":"publish","type":"post","link":"https:\/\/mirausa.net\/?p=601","title":{"rendered":"Filadelfia celebra con \u00e9xito primer festival cultural Colombia Contigo"},"content":{"rendered":"<p><span style=\"line-height: 1.3em;\"><img decoding=\"async\" src=\"images\/stories\/Pennsylvania\/philly-colombia-contigo-7-13.jpg\" border=\"0\" width=\"200\" align=\"left\" style=\"float: left; border: 0; margin-left: 10px; margin-right: 10px;\" \/>Filadelfia, PA \u2013 MIRA USA engalan\u00f3 el centro de Filadelfia (Pensilvania) con el tricolor colombiano, la ma\u00f1ana del 20 de Julio, desde la Corona de Luces del edificio PECO, con motivo de la celebraci\u00f3n de 203 a\u00f1os de la Independencia de Colombia.<\/span><\/p>\n<p><a href=\"http:\/\/www.flickr.com\/photos\/mirausa\/sets\/72157634749482831\/\" target=\"_blank\" rel=\"noopener noreferrer\"><span style=\"line-height: 1.3em;\">Ver fotos del evento aqu\u00ed<\/span><\/a><\/p>\n<p>Se dieron cita colombianos y personas de diversas nacionalidades en el Ayuntamiento de la Filadelfia, en la plaza de banderas, para celebrar el primer festival cultural \u201cColombia Contigo\u201d, durante el cual colombianos de todas las edades y regiones del pa\u00eds inundados de orgullo patrio, se motivaron a llevar prendas t\u00edpicas y emblem\u00e1ticas de Colombia.<\/p>\n<p>Entre los actos culturales del evento, se iz\u00f3 la bandera colombiana al tonar del Himno Nacional de Colombia, entonando a voz en cuello y coraz\u00f3n dispuesto, por los presentes.<\/p>\n<p>El grupo de Danzas \u201cAires de Mi Tierra\u201d, llev\u00f3 su grupo infantil que deleito a toda la audiencia con San Juanero, Cumbia y Torbellino, en una representaci\u00f3n que trajo los recuerdos del pa\u00eds cafetero y muestra histri\u00f3nica que estuvo interpretada, en su mayor\u00eda, por ni\u00f1os hijos de colombianos, nacidos en los Estados Unidos, que aman y valoran sus ra\u00edces.<\/p>\n<p>El Grupo Musical \u201cImpacto Vallenato\u201d, sorprendi\u00f3 a toda la audiencia interpretando el bambuco \u201cSoy Colombiano\u201d del maestro Rafael Godoy en tonadas de acorde\u00f3n, as\u00ed como las cl\u00e1sicas melod\u00edas en ritmo de vallenato compuestas por el maestro Rafael Escalona, y a ritmos de Cumbia y aires t\u00edpicos de diversas regiones del pa\u00eds.<\/p>\n<p>El evento, que visti\u00f3 el centro de Filadelfia con el tricolor colombiano, fue posible gracias a la colaboraci\u00f3n del alcalde de la Filadelfia, Michael Nutter, a la Concejal Mar\u00eda D. Qui\u00f1onez, as\u00ed como al apoyo de las emisoras La Mega y El Zol 1340 AM y peri\u00f3dico AL DIA.<\/p>\n","protected":false},"excerpt":{"rendered":"<p>Filadelfia, PA \u2013 MIRA USA engalan\u00f3 el centro de Filadelfia (Pensilvania) con el tricolor colombiano, la ma\u00f1ana del 20 de Julio, desde la Corona de Luces del edificio PECO, con [&hellip;]<\/p>\n","protected":false},"author":1,"featured_media":0,"comment_status":"open","ping_status":"open","sticky":false,"template":"","format":"standard","meta":{"_acf_changed":false,"footnotes":""},"categories":[121],"tags":[],"class_list":["post-601","post","type-post","status-publish","format-standard","hentry","category-noticias"],"acf":[],"_links":{"self":[{"href":"https:\/\/mirausa.net\/index.php?rest_route=\/wp\/v2\/posts\/601","targetHints":{"allow":["GET"]}}],"collection":[{"href":"https:\/\/mirausa.net\/index.php?rest_route=\/wp\/v2\/posts"}],"about":[{"href":"https:\/\/mirausa.net\/index.php?rest_route=\/wp\/v2\/types\/post"}],"author":[{"embeddable":true,"href":"https:\/\/mirausa.net\/index.php?rest_route=\/wp\/v2\/users\/1"}],"replies":[{"embeddable":true,"href":"https:\/\/mirausa.net\/index.php?rest_route=%2Fwp%2Fv2%2Fcomments&post=601"}],"version-history":[{"count":1,"href":"https:\/\/mirausa.net\/index.php?rest_route=\/wp\/v2\/posts\/601\/revisions"}],"predecessor-version":[{"id":24535,"href":"https:\/\/mirausa.net\/index.php?rest_route=\/wp\/v2\/posts\/601\/revisions\/24535"}],"wp:attachment":[{"href":"https:\/\/mirausa.net\/index.php?rest_route=%2Fwp%2Fv2%2Fmedia&parent=601"}],"wp:term":[{"taxonomy":"category","embeddable":true,"href":"https:\/\/mirausa.net\/index.php?rest_route=%2Fwp%2Fv2%2Fcategories&post=601"},{"taxonomy":"post_tag","embeddable":true,"href":"https:\/\/mirausa.net\/index.php?rest_route=%2Fwp%2Fv2%2Ftags&post=601"}],"curies":[{"name":"wp","href":"https:\/\/api.w.org\/{rel}","templated":true}]}}