{"id":603,"date":"2013-07-31T19:40:03","date_gmt":"2013-07-31T19:40:03","guid":{"rendered":"https:\/\/mirausa.net\/wpmirausa\/gran-celebracion-de-independencia-de-colombia-en-orlando-florida\/"},"modified":"2025-03-11T22:29:02","modified_gmt":"2025-03-12T03:29:02","slug":"gran-celebracion-de-independencia-de-colombia-en-orlando-florida","status":"publish","type":"post","link":"https:\/\/mirausa.net\/?p=603","title":{"rendered":"Gran Celebraci\u00f3n de Independencia de Colombia en Orlando, Florida"},"content":{"rendered":"<p><img decoding=\"async\" src=\"images\/stories\/Florida\/Orlando-Independencia-de-Colombia-image.jpeg\" border=\"0\" width=\"200\" align=\"left\" style=\"float: left; border: 0; margin-left: 10px; margin-right: 10px;\" \/>Orlando, FL \u2013 Al son de m\u00fasica, bailes folcl\u00f3ricos, trajes t\u00edpicos y comida exquisita colombiana se llev\u00f3 a cabo el Primer Festival Cultural &#8220;Colombia Contigo&#8221; el pasado domingo 28 de julio en la ciudad de Orlando (Florida), donde centenares de personas disfrutaron de una maravillosa tarde familiar en una celebraci\u00f3n que cautiv\u00f3 a chicos y grandes por su rico contenido cultural.<\/p>\n<p><span style=\"line-height: 1.3em;\">Haga clic <a href=\"http:\/\/www.flickr.com\/photos\/mirausa\/sets\/72157634848862831\/\" target=\"_blank\" rel=\"noopener noreferrer\">aqu\u00ed<\/a> para ver fotos del evento.<\/span><\/p>\n<p>  <!--more-->  <\/p>\n<p><span style=\"line-height: 1.3em;\">Organizaciones como Mi Familia Vota, My Soccer Academy, Fundaci\u00f3n Internacional Mar\u00eda Luisa de Moreno, Banco BBT y Florida Chamber of Business COLUSA, patrocinaron este evento e hicieron presencia en lo que fue la celebraci\u00f3n de independencia m\u00e1s cultural en este sector de la Florida Central.<\/span><\/p>\n<p><span style=\"line-height: 1.3em;\">Personajes conocidos como el periodista Rafael Botero y la actriz Karla Diesseldorf acompa\u00f1aron a MIRA USA en tarima como presentadores y en la entrega de los premios de rifas y concursos; el Mago Borjini hizo aparici\u00f3n para entretener a grandes y chicos. Asimismo, el talento art\u00edstico se hizo presente con Juan Joropo y su m\u00fasica llanera, y el grupo de danzas &#8220;As\u00ed es mi Folklore&#8221;.<\/span><\/p>\n<p><span style=\"line-height: 1.3em;\">Los ni\u00f1os que desfilaron con trajes t\u00edpicos participaron en la rifa de tarjetas de regalo de Toys &#8220;R&#8221; Us, y tambi\u00e9n se premi\u00f3 la caseta mejor decorada, y el ganador del concurso &#8220;\u00bfSab\u00edas Qu\u00e9? sobre la cultura Colombiana&#8221;.<\/span><\/p>\n<p>\u00a0<\/p>\n","protected":false},"excerpt":{"rendered":"<p>Orlando, FL \u2013 Al son de m\u00fasica, bailes folcl\u00f3ricos, trajes t\u00edpicos y comida exquisita colombiana se llev\u00f3 a cabo el Primer Festival Cultural &#8220;Colombia Contigo&#8221; el pasado domingo 28 de [&hellip;]<\/p>\n","protected":false},"author":1,"featured_media":0,"comment_status":"open","ping_status":"open","sticky":false,"template":"","format":"standard","meta":{"_acf_changed":false,"footnotes":""},"categories":[121],"tags":[],"class_list":["post-603","post","type-post","status-publish","format-standard","hentry","category-noticias"],"acf":[],"_links":{"self":[{"href":"https:\/\/mirausa.net\/index.php?rest_route=\/wp\/v2\/posts\/603","targetHints":{"allow":["GET"]}}],"collection":[{"href":"https:\/\/mirausa.net\/index.php?rest_route=\/wp\/v2\/posts"}],"about":[{"href":"https:\/\/mirausa.net\/index.php?rest_route=\/wp\/v2\/types\/post"}],"author":[{"embeddable":true,"href":"https:\/\/mirausa.net\/index.php?rest_route=\/wp\/v2\/users\/1"}],"replies":[{"embeddable":true,"href":"https:\/\/mirausa.net\/index.php?rest_route=%2Fwp%2Fv2%2Fcomments&post=603"}],"version-history":[{"count":1,"href":"https:\/\/mirausa.net\/index.php?rest_route=\/wp\/v2\/posts\/603\/revisions"}],"predecessor-version":[{"id":24533,"href":"https:\/\/mirausa.net\/index.php?rest_route=\/wp\/v2\/posts\/603\/revisions\/24533"}],"wp:attachment":[{"href":"https:\/\/mirausa.net\/index.php?rest_route=%2Fwp%2Fv2%2Fmedia&parent=603"}],"wp:term":[{"taxonomy":"category","embeddable":true,"href":"https:\/\/mirausa.net\/index.php?rest_route=%2Fwp%2Fv2%2Fcategories&post=603"},{"taxonomy":"post_tag","embeddable":true,"href":"https:\/\/mirausa.net\/index.php?rest_route=%2Fwp%2Fv2%2Ftags&post=603"}],"curies":[{"name":"wp","href":"https:\/\/api.w.org\/{rel}","templated":true}]}}