{"id":606,"date":"2013-08-05T19:25:22","date_gmt":"2013-08-05T19:25:22","guid":{"rendered":"https:\/\/mirausa.net\/wpmirausa\/celebran-independencia-de-colombia-con-adopcion-de-parque-en-paterson\/"},"modified":"2025-03-11T22:29:02","modified_gmt":"2025-03-12T03:29:02","slug":"celebran-independencia-de-colombia-con-adopcion-de-parque-en-paterson","status":"publish","type":"post","link":"https:\/\/mirausa.net\/?p=606","title":{"rendered":"Celebran independencia de Colombia con adopci\u00f3n de parque en Paterson"},"content":{"rendered":"<p><span style=\"line-height: 1.3em;\"><img decoding=\"async\" src=\"images\/stories\/New_Jersey\/paterson-adopta-parque-7-27-13.png\" border=\"0\" height=\"300\" align=\"left\" style=\"float: left; border: 0; margin-left: 10px; margin-right: 10px;\" \/>Paterson, NJ \u2013 En la soleada ma\u00f1ana del 27 de Julio, MIRA USA junto a la comunidad colombiana de Paterson (Paterson), celebraron con gran entusiasmo la independencia de Colombia a trav\u00e9s de un acto simb\u00f3lico en el cual la organizaci\u00f3n adopt\u00f3 el conocido \u201cParque Colombia\u201d.\u00a0<\/span><\/p>\n<p><a href=\"http:\/\/www.flickr.com\/photos\/mirausa\/sets\/72157634930189671\/\" target=\"_blank\" rel=\"noopener noreferrer\">Haga clic aqu\u00ed para ver fotos del evento<\/a><\/p>\n<p>M\u00e1s de 150 personas se dieron cita para celebrar los 203 a\u00f1os de independencia colombiana, as\u00ed como para presenciar la izada de la bandera de Colombia, la cual estuvo a cargo del director nacional de Servicios Comunitarios de MIRA USA, Jorge Mu\u00f1oz.<\/p>\n<p>Adem\u00e1s de los mira\u00edstas, quienes acudieron de varias sedes de los estados de Nueva York y Nueva Jersey, el evento cont\u00f3 con la presencia del alcalde de Paterson, Jeffrey Jones, quien durante su intervenci\u00f3n, agradeci\u00f3 y felicit\u00f3 a MIRA USA por su apoyo desinteresado, que se hace manifiesto no solo con el reacondicionamiento del Parque Colombia, sino con la continua labor social en la toda ciudad como tal.<\/p>\n<p>El parque, que se encontraba en condiciones que dificultaban a los habitantes de la zona disfrutar del mismo, fue reconstruido por los mira\u00edstas de Paterson, con el apoyo de Home Depot, quienes donaron los materiales necesarios para realizar tal labor. Durante el evento, Fitni Istrefi, gerente general de Home Depot, tambi\u00e9n se hizo presente para acompa\u00f1ar este d\u00eda hist\u00f3rico en beneficio de la comunidad local de Paterson<\/p>\n","protected":false},"excerpt":{"rendered":"<p>Paterson, NJ \u2013 En la soleada ma\u00f1ana del 27 de Julio, MIRA USA junto a la comunidad colombiana de Paterson (Paterson), celebraron con gran entusiasmo la independencia de Colombia a [&hellip;]<\/p>\n","protected":false},"author":1,"featured_media":0,"comment_status":"open","ping_status":"open","sticky":false,"template":"","format":"standard","meta":{"_acf_changed":false,"footnotes":""},"categories":[121],"tags":[],"class_list":["post-606","post","type-post","status-publish","format-standard","hentry","category-noticias"],"acf":[],"_links":{"self":[{"href":"https:\/\/mirausa.net\/index.php?rest_route=\/wp\/v2\/posts\/606","targetHints":{"allow":["GET"]}}],"collection":[{"href":"https:\/\/mirausa.net\/index.php?rest_route=\/wp\/v2\/posts"}],"about":[{"href":"https:\/\/mirausa.net\/index.php?rest_route=\/wp\/v2\/types\/post"}],"author":[{"embeddable":true,"href":"https:\/\/mirausa.net\/index.php?rest_route=\/wp\/v2\/users\/1"}],"replies":[{"embeddable":true,"href":"https:\/\/mirausa.net\/index.php?rest_route=%2Fwp%2Fv2%2Fcomments&post=606"}],"version-history":[{"count":1,"href":"https:\/\/mirausa.net\/index.php?rest_route=\/wp\/v2\/posts\/606\/revisions"}],"predecessor-version":[{"id":24532,"href":"https:\/\/mirausa.net\/index.php?rest_route=\/wp\/v2\/posts\/606\/revisions\/24532"}],"wp:attachment":[{"href":"https:\/\/mirausa.net\/index.php?rest_route=%2Fwp%2Fv2%2Fmedia&parent=606"}],"wp:term":[{"taxonomy":"category","embeddable":true,"href":"https:\/\/mirausa.net\/index.php?rest_route=%2Fwp%2Fv2%2Fcategories&post=606"},{"taxonomy":"post_tag","embeddable":true,"href":"https:\/\/mirausa.net\/index.php?rest_route=%2Fwp%2Fv2%2Ftags&post=606"}],"curies":[{"name":"wp","href":"https:\/\/api.w.org\/{rel}","templated":true}]}}