{"id":627,"date":"2013-09-18T16:58:34","date_gmt":"2013-09-18T16:58:34","guid":{"rendered":"https:\/\/mirausa.net\/wpmirausa\/el-sur-de-la-florida-celebra-la-cultura-colombiana\/"},"modified":"2013-09-18T16:58:34","modified_gmt":"2013-09-18T16:58:34","slug":"el-sur-de-la-florida-celebra-la-cultura-colombiana","status":"publish","type":"post","link":"https:\/\/mirausa.net\/?p=627","title":{"rendered":"El sur de la Florida celebra la cultura colombiana"},"content":{"rendered":"<p><img decoding=\"async\" src=\"images\/stories\/Florida\/MIRA-USA-Celebra-Festival-Colombia-Contigo-en-sur-de-la-florida-image.jpg\" border=\"0\" width=\"200\" height=\"150\" style=\"float: left; margin-left: 10px; margin-right: 10px;\" \/>Pembroke Pines, FL \u2013 Luego de presentarse en 11 ciudades de los Estados Unidos en el 2013, la agenda cultural \u201cColombia Contigo\u201d culmin\u00f3 su primer ciclo con broche de oro en el evento que reuni\u00f3 el \u00e1rea de los condados de Miami-Dade, Broward y West Palm Beach.<\/p>\n<p>Haga clic <a class=\"caption\" href=\"http:\/\/www.flickr.com\/photos\/mirausa\/sets\/72157635549801275\" target=\"_blank\" rel=\"noopener noreferrer\">aqu\u00ed\u00a0<\/a>para ver las fotograf\u00edas.<\/p>\n<p>La celebraci\u00f3n reuni\u00f3 a m\u00e1s de mil habitantes de estos condados, \u00e1vidos por recorrer la cultura de las diferentes regiones colombianas, desplegada en pabellones culturales ilustrativos con los elementos m\u00e1s significativos de las costas Atl\u00e1ntica y Pac\u00edfica, las regiones Andina, Amaz\u00f3nica y Llanera.<\/p>\n<p>De igual forma, mediante juegos aut\u00f3ctonos y comidas tradicionales, la celebraci\u00f3n permiti\u00f3 educar a algunos de los presentes sobre las tradiciones colombianas, mientras que los dem\u00e1s evocaron \u00e9pocas anteriores en ese pa\u00eds. \u00a0\u00a0<\/p>\n<p>Las danzas folcl\u00f3ricas tambi\u00e9n fueron parte del desplegue cultural colombiano, que fueron acompa\u00f1adas por las actuaciones del d\u00fao musical Maka, la cantante nominada al Latin Grammy, Paula Zuleta y la intervenci\u00f3n de Jorge Mu\u00f1oz, director nacional de servicios comunitarios de MIRA USA.<\/p>\n<p>\u00a0<\/p>\n","protected":false},"excerpt":{"rendered":"<p>Pembroke Pines, FL \u2013 Luego de presentarse en 11 ciudades de los Estados Unidos en el 2013, la agenda cultural \u201cColombia Contigo\u201d culmin\u00f3 su primer ciclo con broche de oro [&hellip;]<\/p>\n","protected":false},"author":1,"featured_media":0,"comment_status":"open","ping_status":"open","sticky":false,"template":"","format":"standard","meta":{"_acf_changed":false,"footnotes":""},"categories":[1],"tags":[],"class_list":["post-627","post","type-post","status-publish","format-standard","hentry","category-sin-categoria"],"acf":[],"_links":{"self":[{"href":"https:\/\/mirausa.net\/index.php?rest_route=\/wp\/v2\/posts\/627","targetHints":{"allow":["GET"]}}],"collection":[{"href":"https:\/\/mirausa.net\/index.php?rest_route=\/wp\/v2\/posts"}],"about":[{"href":"https:\/\/mirausa.net\/index.php?rest_route=\/wp\/v2\/types\/post"}],"author":[{"embeddable":true,"href":"https:\/\/mirausa.net\/index.php?rest_route=\/wp\/v2\/users\/1"}],"replies":[{"embeddable":true,"href":"https:\/\/mirausa.net\/index.php?rest_route=%2Fwp%2Fv2%2Fcomments&post=627"}],"version-history":[{"count":0,"href":"https:\/\/mirausa.net\/index.php?rest_route=\/wp\/v2\/posts\/627\/revisions"}],"wp:attachment":[{"href":"https:\/\/mirausa.net\/index.php?rest_route=%2Fwp%2Fv2%2Fmedia&parent=627"}],"wp:term":[{"taxonomy":"category","embeddable":true,"href":"https:\/\/mirausa.net\/index.php?rest_route=%2Fwp%2Fv2%2Fcategories&post=627"},{"taxonomy":"post_tag","embeddable":true,"href":"https:\/\/mirausa.net\/index.php?rest_route=%2Fwp%2Fv2%2Ftags&post=627"}],"curies":[{"name":"wp","href":"https:\/\/api.w.org\/{rel}","templated":true}]}}