{"id":629,"date":"2013-09-23T14:47:21","date_gmt":"2013-09-23T14:47:21","guid":{"rendered":"https:\/\/mirausa.net\/wpmirausa\/miraistas-participan-en-celebracion-anual-del-mes-de-la-hispanidad\/"},"modified":"2025-05-04T23:39:03","modified_gmt":"2025-05-05T04:39:03","slug":"miraistas-participan-en-celebracion-anual-del-mes-de-la-hispanidad","status":"publish","type":"post","link":"https:\/\/mirausa.net\/?p=629","title":{"rendered":"Mira\u00edstas participan en celebraci\u00f3n anual del Mes de la Hispanidad"},"content":{"rendered":"<p><span style=\"line-height: 1.3em;\"><img decoding=\"async\" src=\"images\/stories\/New_Jersey\/elizabeth-festival-hispanidad.png\" border=\"0\" width=\"200\" align=\"left\" style=\"float: left; border: 0; margin-left: 10px; margin-right: 10px;\" \/>Union City, NJ \u2013 Un grupo de mira\u00edstas particip\u00f3 en la ceremonia de celebraci\u00f3n del Mes de la Herencia Hispana, que por cuarta ocasi\u00f3n es organizada por la oficina del senador federal Robert Men\u00e9ndez.<\/span><\/p>\n<p><a href=\"http:\/\/www.flickr.com\/photos\/mirausa\/sets\/72157635591875215\/\" target=\"_blank\" rel=\"noopener noreferrer\">Haga clic aqu\u00ed para ver fotos del evento.<\/a><\/p>\n<p>El evento se llev\u00f3 a cabo el domingo 15 de septiembre en el Union City Performing Arts Center, lugar que reuni\u00f3 a por lo menos 300 personas entre ellas personalidades del arte, la pol\u00edtica, la m\u00fasica y el deporte.<\/p>\n<p>Cerca de 30 integrantes de MIRA USA representaron a la organizaci\u00f3n, en la ceremonia en la que el senador dem\u00f3crata destac\u00f3 los logros y aportes de la comunidad hispana en Estados Unidos.<\/p>\n<p>El cantante Frankie Negr\u00f3n, nativo de Nueva Jersey, fue el orador principal del festejo que tuvo como maestro de ceremonia a Miguel Pozo, director de la Asociaci\u00f3n Nacional de Abogados Hispanos (HNBA).<\/p>\n","protected":false},"excerpt":{"rendered":"<p>Union City, NJ \u2013 Un grupo de mira\u00edstas particip\u00f3 en la ceremonia de celebraci\u00f3n del Mes de la Herencia Hispana, que por cuarta ocasi\u00f3n es organizada por la oficina del [&hellip;]<\/p>\n","protected":false},"author":1,"featured_media":0,"comment_status":"open","ping_status":"open","sticky":false,"template":"","format":"standard","meta":{"_acf_changed":false,"footnotes":""},"categories":[121],"tags":[],"class_list":["post-629","post","type-post","status-publish","format-standard","hentry","category-noticias"],"acf":[],"_links":{"self":[{"href":"https:\/\/mirausa.net\/index.php?rest_route=\/wp\/v2\/posts\/629","targetHints":{"allow":["GET"]}}],"collection":[{"href":"https:\/\/mirausa.net\/index.php?rest_route=\/wp\/v2\/posts"}],"about":[{"href":"https:\/\/mirausa.net\/index.php?rest_route=\/wp\/v2\/types\/post"}],"author":[{"embeddable":true,"href":"https:\/\/mirausa.net\/index.php?rest_route=\/wp\/v2\/users\/1"}],"replies":[{"embeddable":true,"href":"https:\/\/mirausa.net\/index.php?rest_route=%2Fwp%2Fv2%2Fcomments&post=629"}],"version-history":[{"count":1,"href":"https:\/\/mirausa.net\/index.php?rest_route=\/wp\/v2\/posts\/629\/revisions"}],"predecessor-version":[{"id":26547,"href":"https:\/\/mirausa.net\/index.php?rest_route=\/wp\/v2\/posts\/629\/revisions\/26547"}],"wp:attachment":[{"href":"https:\/\/mirausa.net\/index.php?rest_route=%2Fwp%2Fv2%2Fmedia&parent=629"}],"wp:term":[{"taxonomy":"category","embeddable":true,"href":"https:\/\/mirausa.net\/index.php?rest_route=%2Fwp%2Fv2%2Fcategories&post=629"},{"taxonomy":"post_tag","embeddable":true,"href":"https:\/\/mirausa.net\/index.php?rest_route=%2Fwp%2Fv2%2Ftags&post=629"}],"curies":[{"name":"wp","href":"https:\/\/api.w.org\/{rel}","templated":true}]}}