{"id":631,"date":"2013-09-25T17:03:29","date_gmt":"2013-09-25T17:03:29","guid":{"rendered":"https:\/\/mirausa.net\/wpmirausa\/promueven-inscripcion-de-cedulas-en-colombia-trade-expo-en-miami\/"},"modified":"2013-09-25T17:03:29","modified_gmt":"2013-09-25T17:03:29","slug":"promueven-inscripcion-de-cedulas-en-colombia-trade-expo-en-miami","status":"publish","type":"post","link":"https:\/\/mirausa.net\/?p=631","title":{"rendered":"Promueven inscripci\u00f3n de c\u00e9dulas en Colombia Trade Expo en Miami"},"content":{"rendered":"<p><span style=\"line-height: 1.3em;\"><img decoding=\"async\" src=\"images\/stories\/Florida\/Promueven-inscripcin-de-cdulas-en-Colombia-Trade-Expo-en-Miami-image.jpg\" border=\"0\" width=\"200\" height=\"150\" style=\"float: left; margin-left: 10px; margin-right: 10px;\" \/>Miami, FL \u2013 Mira\u00edstas del sur de la Florida estuvieron presentes en el Colombia Trade Expo que se llev\u00f3 a cabo el 20, 21 y 22 de septiembre, donde se dieron a la tarea de educar a la comunidad colombiana sobre el proceso de inscripci\u00f3n de c\u00e9dulas, a fin de poder ejercer su derecho de votar en las pr\u00f3ximas elecciones presidenciales y parlamentarias del 2014.<\/span><\/p>\n<p>Haga clic <a class=\"caption\" href=\"http:\/\/www.flickr.com\/photos\/mirausa\/sets\/72157635779871516\" target=\"_blank\" rel=\"noopener noreferrer\">aqu\u00ed <\/a>para ver fotos del evento.\u00a0<\/p>\n<p>El p\u00fablico colombiano recibi\u00f3 con gran aceptaci\u00f3n la iniciativa de MIRA USA y se mostr\u00f3 muy interesado en el proceso, que ante muchos colombianos residentes en la ciudad del sol es un tema desconocido.<\/p>\n<p>Adem\u00e1s de la labor pedag\u00f3gica, los mira\u00edstas tuvieron la oportunidad de dar a conocer la labor que MIRA USA realiza en el pa\u00eds americano, as\u00ed como el liderazgo de Jorge Mu\u00f1oz, quien actualmente se desempe\u00f1a como director nacional de servicios comunitarios de la organizaci\u00f3n.\u00a0<\/p>\n<p>\u00a0<\/p>\n<p>\u00a0<\/p>\n","protected":false},"excerpt":{"rendered":"<p>Miami, FL \u2013 Mira\u00edstas del sur de la Florida estuvieron presentes en el Colombia Trade Expo que se llev\u00f3 a cabo el 20, 21 y 22 de septiembre, donde se [&hellip;]<\/p>\n","protected":false},"author":1,"featured_media":0,"comment_status":"open","ping_status":"open","sticky":false,"template":"","format":"standard","meta":{"_acf_changed":false,"footnotes":""},"categories":[1],"tags":[],"class_list":["post-631","post","type-post","status-publish","format-standard","hentry","category-sin-categoria"],"acf":[],"_links":{"self":[{"href":"https:\/\/mirausa.net\/index.php?rest_route=\/wp\/v2\/posts\/631","targetHints":{"allow":["GET"]}}],"collection":[{"href":"https:\/\/mirausa.net\/index.php?rest_route=\/wp\/v2\/posts"}],"about":[{"href":"https:\/\/mirausa.net\/index.php?rest_route=\/wp\/v2\/types\/post"}],"author":[{"embeddable":true,"href":"https:\/\/mirausa.net\/index.php?rest_route=\/wp\/v2\/users\/1"}],"replies":[{"embeddable":true,"href":"https:\/\/mirausa.net\/index.php?rest_route=%2Fwp%2Fv2%2Fcomments&post=631"}],"version-history":[{"count":0,"href":"https:\/\/mirausa.net\/index.php?rest_route=\/wp\/v2\/posts\/631\/revisions"}],"wp:attachment":[{"href":"https:\/\/mirausa.net\/index.php?rest_route=%2Fwp%2Fv2%2Fmedia&parent=631"}],"wp:term":[{"taxonomy":"category","embeddable":true,"href":"https:\/\/mirausa.net\/index.php?rest_route=%2Fwp%2Fv2%2Fcategories&post=631"},{"taxonomy":"post_tag","embeddable":true,"href":"https:\/\/mirausa.net\/index.php?rest_route=%2Fwp%2Fv2%2Ftags&post=631"}],"curies":[{"name":"wp","href":"https:\/\/api.w.org\/{rel}","templated":true}]}}