{"id":639,"date":"2013-10-07T17:38:31","date_gmt":"2013-10-07T17:38:31","guid":{"rendered":"https:\/\/mirausa.net\/wpmirausa\/medios-de-comunicacion-cubren-participacion-de-mira-usa-en-marcha-pro-reforma-migratoria-en-miami\/"},"modified":"2013-10-07T17:38:31","modified_gmt":"2013-10-07T17:38:31","slug":"medios-de-comunicacion-cubren-participacion-de-mira-usa-en-marcha-pro-reforma-migratoria-en-miami","status":"publish","type":"post","link":"https:\/\/mirausa.net\/?p=639","title":{"rendered":"Medios de comunicaci\u00f3n cubren participaci\u00f3n de MIRA USA en marcha pro-reforma migratoria en Miami"},"content":{"rendered":"<p><img decoding=\"async\" src=\"images\/stories\/Florida\/miami-fl-marcha-migratoria-5-oct.png\" border=\"0\" width=\"200\" align=\"left\" style=\"float: left; border: 0; margin-left: 10px; margin-right: 10px;\" \/>Miami, FL \u2013 Cientos de personas se dieron citas en el Parque Jos\u00e9 Mart\u00ed para promover la Reforma Migratoria y el respeto a la dignidad humana de los m\u00e1s de 11 millones de indocumentados que mueven la econom\u00eda de los Estados Unidos.<\/p>\n<p>A continuaci\u00f3n algunos enlaces del cubrimiento que medios de comunicaci\u00f3n dieron a la jornada:<\/p>\n<p><a href=\"http:\/\/www.eluniversal.com.mx\/el-mundo\/2013\/reforma-migratoria-eu-marcha-956167.html\" target=\"_blank\" rel=\"noopener noreferrer\">ElUniversal.com.mx<\/a><\/p>\n<p><a href=\"http:\/\/www.informador.com.mx\/internacional\/2013\/489440\/6\/miles-exigen-pronta-aprobacion-de-reforma-migratoria-en-eu.htm\" target=\"_blank\" rel=\"noopener noreferrer\">Informador.com.mx<\/a><\/p>\n<p><a href=\"http:\/\/www.miamidiario.com\/politica\/inmigracion\/marcha\/reforma-migratoria-integral\/aclu\/coalicion-de-inmigrantes-de-florida\/juan-camilo-gomez\/315488\" target=\"_blank\" rel=\"noopener noreferrer\">MiamiDiario.com<\/a><\/p>\n<p><a href=\"http:\/\/www.elnuevoherald.com\/2013\/10\/05\/1583249\/marcha-realizada-por-inmigrantes.html\" target=\"_blank\" rel=\"noopener noreferrer\">ElNuevoHerald.com<\/a><\/p>\n<p><a href=\"http:\/\/ecuavisa.com\/articulo\/noticias\/internacionales\/42803-miles-personas-exigen-congreso-eeuu-aprobar-reforma\" target=\"_blank\" rel=\"noopener noreferrer\">Ecuavisa.com<\/a><\/p>\n","protected":false},"excerpt":{"rendered":"<p>Miami, FL \u2013 Cientos de personas se dieron citas en el Parque Jos\u00e9 Mart\u00ed para promover la Reforma Migratoria y el respeto a la dignidad humana de los m\u00e1s de [&hellip;]<\/p>\n","protected":false},"author":1,"featured_media":0,"comment_status":"open","ping_status":"open","sticky":false,"template":"","format":"standard","meta":{"_acf_changed":false,"footnotes":""},"categories":[1],"tags":[],"class_list":["post-639","post","type-post","status-publish","format-standard","hentry","category-sin-categoria"],"acf":[],"_links":{"self":[{"href":"https:\/\/mirausa.net\/index.php?rest_route=\/wp\/v2\/posts\/639","targetHints":{"allow":["GET"]}}],"collection":[{"href":"https:\/\/mirausa.net\/index.php?rest_route=\/wp\/v2\/posts"}],"about":[{"href":"https:\/\/mirausa.net\/index.php?rest_route=\/wp\/v2\/types\/post"}],"author":[{"embeddable":true,"href":"https:\/\/mirausa.net\/index.php?rest_route=\/wp\/v2\/users\/1"}],"replies":[{"embeddable":true,"href":"https:\/\/mirausa.net\/index.php?rest_route=%2Fwp%2Fv2%2Fcomments&post=639"}],"version-history":[{"count":0,"href":"https:\/\/mirausa.net\/index.php?rest_route=\/wp\/v2\/posts\/639\/revisions"}],"wp:attachment":[{"href":"https:\/\/mirausa.net\/index.php?rest_route=%2Fwp%2Fv2%2Fmedia&parent=639"}],"wp:term":[{"taxonomy":"category","embeddable":true,"href":"https:\/\/mirausa.net\/index.php?rest_route=%2Fwp%2Fv2%2Fcategories&post=639"},{"taxonomy":"post_tag","embeddable":true,"href":"https:\/\/mirausa.net\/index.php?rest_route=%2Fwp%2Fv2%2Ftags&post=639"}],"curies":[{"name":"wp","href":"https:\/\/api.w.org\/{rel}","templated":true}]}}