{"id":648,"date":"2013-10-18T14:58:22","date_gmt":"2013-10-18T14:58:22","guid":{"rendered":"https:\/\/mirausa.net\/wpmirausa\/con-gala-celebran-la-herencia-hispana\/"},"modified":"2025-05-04T23:31:58","modified_gmt":"2025-05-05T04:31:58","slug":"con-gala-celebran-la-herencia-hispana","status":"publish","type":"post","link":"https:\/\/mirausa.net\/?p=648","title":{"rendered":"Con gala celebran la \u201cHerencia Hispana\u201d"},"content":{"rendered":"<p><span style=\"line-height: 1.3em;\"><img decoding=\"async\" src=\"images\/stories\/North_Carolina\/velada-celebracion-hispanidad-10-12-13.png\" border=\"0\" width=\"300\" align=\"left\" style=\"float: left; border: 0; margin-left: 10px; margin-right: 10px;\" \/>Charlotte, NC- Con una gala la sede local de MIRA USA cerr\u00f3 con \u201cbroche de oro\u201d el \u201cMes de la Hispanidad\u201d en la Ciudad Reina, que atrajo a m\u00e1s de \u00a0200 personas de distintas nacionalidades.<\/span><\/p>\n<p><a href=\"http:\/\/www.flickr.com\/photos\/mirausa\/sets\/72157636688105266\/\" target=\"_blank\" rel=\"noopener noreferrer\">Haga clic aqu\u00ed para ver fotos del evento<\/a><\/p>\n<p>La \u201cVelada Mira\u00edsta\u201d que se llev\u00f3 a cabo en la noche del pasado s\u00e1bado 14 de octubre en la localidad de Pineville al sur de Charlotte, cont\u00f3 con una variada gama de presentaciones musicales donde j\u00f3venes y mira\u00edstas aportaron sus dotes art\u00edsticas a ritmo de guitarras y bongos.<\/p>\n<p>Aracely Pacheco, directora de la Casa del Ecuatoriano, aprovech\u00f3 un intermedio para dar un sentido agradecimiento a MIRA USA por la colaboraci\u00f3n desinteresada de sus miembros en las jornadas consulares y actividades que su organizaci\u00f3n realiza.<\/p>\n<p>El evento tuvo como show central al cantautor colombiano Franco Londo\u00f1o, que sorprendi\u00f3 con su l\u00edrica voz y buen humor a los presentes que lo siguieron a un\u00edsono en su variado repertorio de canciones internacionales.<\/p>\n<p>Los invitados disfrutaron adem\u00e1s de una deliciosa cena, y al final del evento \u00a0muchos manifestaron su deseo de volver a asistir a otra gala mira\u00edsta.<\/p>\n","protected":false},"excerpt":{"rendered":"<p>Charlotte, NC- Con una gala la sede local de MIRA USA cerr\u00f3 con \u201cbroche de oro\u201d el \u201cMes de la Hispanidad\u201d en la Ciudad Reina, que atrajo a m\u00e1s de [&hellip;]<\/p>\n","protected":false},"author":1,"featured_media":0,"comment_status":"closed","ping_status":"open","sticky":false,"template":"","format":"standard","meta":{"_acf_changed":false,"footnotes":""},"categories":[121],"tags":[],"class_list":["post-648","post","type-post","status-publish","format-standard","hentry","category-noticias"],"acf":[],"_links":{"self":[{"href":"https:\/\/mirausa.net\/index.php?rest_route=\/wp\/v2\/posts\/648","targetHints":{"allow":["GET"]}}],"collection":[{"href":"https:\/\/mirausa.net\/index.php?rest_route=\/wp\/v2\/posts"}],"about":[{"href":"https:\/\/mirausa.net\/index.php?rest_route=\/wp\/v2\/types\/post"}],"author":[{"embeddable":true,"href":"https:\/\/mirausa.net\/index.php?rest_route=\/wp\/v2\/users\/1"}],"replies":[{"embeddable":true,"href":"https:\/\/mirausa.net\/index.php?rest_route=%2Fwp%2Fv2%2Fcomments&post=648"}],"version-history":[{"count":1,"href":"https:\/\/mirausa.net\/index.php?rest_route=\/wp\/v2\/posts\/648\/revisions"}],"predecessor-version":[{"id":26468,"href":"https:\/\/mirausa.net\/index.php?rest_route=\/wp\/v2\/posts\/648\/revisions\/26468"}],"wp:attachment":[{"href":"https:\/\/mirausa.net\/index.php?rest_route=%2Fwp%2Fv2%2Fmedia&parent=648"}],"wp:term":[{"taxonomy":"category","embeddable":true,"href":"https:\/\/mirausa.net\/index.php?rest_route=%2Fwp%2Fv2%2Fcategories&post=648"},{"taxonomy":"post_tag","embeddable":true,"href":"https:\/\/mirausa.net\/index.php?rest_route=%2Fwp%2Fv2%2Ftags&post=648"}],"curies":[{"name":"wp","href":"https:\/\/api.w.org\/{rel}","templated":true}]}}