{"id":690,"date":"2014-07-24T01:05:43","date_gmt":"2014-07-24T01:05:43","guid":{"rendered":"https:\/\/mirausa.net\/wpmirausa\/filadelfia-celebra-la-independencia-de-colombia\/"},"modified":"2014-07-24T01:05:43","modified_gmt":"2014-07-24T01:05:43","slug":"filadelfia-celebra-la-independencia-de-colombia","status":"publish","type":"post","link":"https:\/\/mirausa.net\/?p=690","title":{"rendered":"Filadelfia celebra la Independencia de Colombia"},"content":{"rendered":"<p><span style=\"color: #000000; font-family: Calibri; font-size: medium;\"><img decoding=\"async\" src=\"images\/stories\/Pennsylvania\/filadelfia-independencia-7-18-14-image.jpg\" border=\"0\" height=\"200\" style=\"float: left; border: 0; margin-left: 10px; margin-right: 10px;\" \/>Filadelfia, PA \u2013 MIRA USA engalan\u00f3 una vez m\u00e1s el centro de Filadelfia (Pensilvania) con el tricolor colombiano, el viernes 18 de julio desde la Corona de Luces del edificio PECO, con motivo de la celebraci\u00f3n de 204 a\u00f1os de la Independencia de Colombia.<\/span><\/p>\n<p>  <!--more-->  <\/p>\n<p><span style=\"color: #000000; font-family: Calibri; font-size: medium;\">Se dieron cita colombianos de todas las edades y regiones del pa\u00eds, en la Plaza de Banderas del edificio de la Alcald\u00eda de Filadelfia, quienes con el fervor patrio se motivaron a llevar prendas t\u00edpicas y emblem\u00e1ticas de Colombia.<\/span>\u00a0<\/p>\n<p style=\"margin: 0in 0in 10pt;\"><span style=\"color: #000000; font-family: Calibri; font-size: medium;\">La bandera de Colombia fue izada este a\u00f1o por la familia del colombiano Ricardo Hawkins, su esposa e hijas, quienes en compa\u00f1\u00eda de todo el p\u00fablico presente entonaron las notas del Himno Nacional de Colombia, a voz en cuello y con el coraz\u00f3n dispuesto.\u00a0<\/span>\u00a0<\/p>\n<p style=\"margin: 0in 0in 10pt;\"><span style=\"color: #000000; font-family: Calibri; font-size: medium;\">El evento, que visti\u00f3 el centro de Filadelfia con el tricolor colombiano, fue posible gracias a la colaboraci\u00f3n del alcalde de Filadelfia, Michael Nutter, y el apoyo de Robert T. Allen, de la oficina de la Direcci\u00f3n General de la ciudad de Filadelfia.<\/span><\/p>\n","protected":false},"excerpt":{"rendered":"<p>Filadelfia, PA \u2013 MIRA USA engalan\u00f3 una vez m\u00e1s el centro de Filadelfia (Pensilvania) con el tricolor colombiano, el viernes 18 de julio desde la Corona de Luces del edificio [&hellip;]<\/p>\n","protected":false},"author":1,"featured_media":0,"comment_status":"open","ping_status":"open","sticky":false,"template":"","format":"standard","meta":{"_acf_changed":false,"footnotes":""},"categories":[1],"tags":[],"class_list":["post-690","post","type-post","status-publish","format-standard","hentry","category-sin-categoria"],"acf":[],"_links":{"self":[{"href":"https:\/\/mirausa.net\/index.php?rest_route=\/wp\/v2\/posts\/690","targetHints":{"allow":["GET"]}}],"collection":[{"href":"https:\/\/mirausa.net\/index.php?rest_route=\/wp\/v2\/posts"}],"about":[{"href":"https:\/\/mirausa.net\/index.php?rest_route=\/wp\/v2\/types\/post"}],"author":[{"embeddable":true,"href":"https:\/\/mirausa.net\/index.php?rest_route=\/wp\/v2\/users\/1"}],"replies":[{"embeddable":true,"href":"https:\/\/mirausa.net\/index.php?rest_route=%2Fwp%2Fv2%2Fcomments&post=690"}],"version-history":[{"count":0,"href":"https:\/\/mirausa.net\/index.php?rest_route=\/wp\/v2\/posts\/690\/revisions"}],"wp:attachment":[{"href":"https:\/\/mirausa.net\/index.php?rest_route=%2Fwp%2Fv2%2Fmedia&parent=690"}],"wp:term":[{"taxonomy":"category","embeddable":true,"href":"https:\/\/mirausa.net\/index.php?rest_route=%2Fwp%2Fv2%2Fcategories&post=690"},{"taxonomy":"post_tag","embeddable":true,"href":"https:\/\/mirausa.net\/index.php?rest_route=%2Fwp%2Fv2%2Ftags&post=690"}],"curies":[{"name":"wp","href":"https:\/\/api.w.org\/{rel}","templated":true}]}}