{"id":695,"date":"2014-09-16T09:55:57","date_gmt":"2014-09-16T09:55:57","guid":{"rendered":"https:\/\/mirausa.net\/wpmirausa\/iii-feria-de-servicios\/"},"modified":"2014-09-16T09:55:57","modified_gmt":"2014-09-16T09:55:57","slug":"iii-feria-de-servicios","status":"publish","type":"post","link":"https:\/\/mirausa.net\/?p=695","title":{"rendered":"III Feria de Servicios"},"content":{"rendered":"<p>El Ministerio de Relaciones Exteriores de Colombia a trav\u00e9s del Consulado General de Colombia en Miami, la Direcci\u00f3n de Asuntos Migratorios, Consulares y Servicio al Ciudadano y su Programa Colombia Nos Une realizar\u00e1n el 27 y 28 de septiembre la tercera Feria de Servicios para colombianos en la Florida, la cual se llevar\u00e1 a cabo en Fair &amp; Expo Center ubicado en Fuchs Pavillion 10901 Coral Way Miami Florida 33165, en una jornada de 10:00 a.m a 5:00 p.m. Esta es la tercera Feria de Servicios que se realiza en La Florida, en la cual se espera contar con la asistencia de 4.000 colombianos quienes podr\u00e1n acceder a un portafolio de servicios diversificado con la participaci\u00f3n de 30 entidades colombianas y 60 entidades de La Florida.<\/p>\n<p>El Ministerio de Relaciones Exteriores invita a las familias colombianas residentes en la Florida a que participen en este importante esfuerzo que hace el Gobierno colombiano con el cual se busca una mayor vinculaci\u00f3n y cercan\u00eda de los connacionales con el pa\u00eds.<\/p>\n<p>Para informaci\u00f3n adicional comun\u00edquese con el consulado de Colombia en Miami: colombianosune@consuladodecolombia.com<\/p>\n<p>MIRA USA est\u00e1 ofreciendo esta comunicaci\u00f3n como parte de nuestro compromiso con la comunidad de informar sobre eventos de inter\u00e9s. MIRA USA en ning\u00fan caso se hace responsable por retrasos, inexactitudes, errores u omisiones con respecto a la informaci\u00f3n y\/o servicios ofrecidos, o por cualquier da\u00f1o que surja o sea ocasionado por estos, o por los resultados obtenidos del los servicios ofrecidos.<\/p>\n<p>MIRA USA is providing this information as part of our commitment with the community to report on events of interest. MIRA USA is under no circumstances liable to anyone for any delays, inaccuracies, errors or omissions with respect to the information or services provided, for any damage arising there from or occasioned thereby, or for the results obtained upon the services provided.<\/p>\n","protected":false},"excerpt":{"rendered":"<p>El Ministerio de Relaciones Exteriores de Colombia a trav\u00e9s del Consulado General de Colombia en Miami, la Direcci\u00f3n de Asuntos Migratorios, Consulares y Servicio al Ciudadano y su Programa Colombia [&hellip;]<\/p>\n","protected":false},"author":1,"featured_media":0,"comment_status":"open","ping_status":"open","sticky":false,"template":"","format":"standard","meta":{"_acf_changed":false,"footnotes":""},"categories":[1],"tags":[],"class_list":["post-695","post","type-post","status-publish","format-standard","hentry","category-sin-categoria"],"acf":[],"_links":{"self":[{"href":"https:\/\/mirausa.net\/index.php?rest_route=\/wp\/v2\/posts\/695","targetHints":{"allow":["GET"]}}],"collection":[{"href":"https:\/\/mirausa.net\/index.php?rest_route=\/wp\/v2\/posts"}],"about":[{"href":"https:\/\/mirausa.net\/index.php?rest_route=\/wp\/v2\/types\/post"}],"author":[{"embeddable":true,"href":"https:\/\/mirausa.net\/index.php?rest_route=\/wp\/v2\/users\/1"}],"replies":[{"embeddable":true,"href":"https:\/\/mirausa.net\/index.php?rest_route=%2Fwp%2Fv2%2Fcomments&post=695"}],"version-history":[{"count":0,"href":"https:\/\/mirausa.net\/index.php?rest_route=\/wp\/v2\/posts\/695\/revisions"}],"wp:attachment":[{"href":"https:\/\/mirausa.net\/index.php?rest_route=%2Fwp%2Fv2%2Fmedia&parent=695"}],"wp:term":[{"taxonomy":"category","embeddable":true,"href":"https:\/\/mirausa.net\/index.php?rest_route=%2Fwp%2Fv2%2Fcategories&post=695"},{"taxonomy":"post_tag","embeddable":true,"href":"https:\/\/mirausa.net\/index.php?rest_route=%2Fwp%2Fv2%2Ftags&post=695"}],"curies":[{"name":"wp","href":"https:\/\/api.w.org\/{rel}","templated":true}]}}