{"id":697,"date":"2014-10-06T14:31:22","date_gmt":"2014-10-06T14:31:22","guid":{"rendered":"https:\/\/mirausa.net\/wpmirausa\/participan-en-la-iii-feria-de-servicios-para-colombianos-en-la-florida\/"},"modified":"2014-10-06T14:31:22","modified_gmt":"2014-10-06T14:31:22","slug":"participan-en-la-iii-feria-de-servicios-para-colombianos-en-la-florida","status":"publish","type":"post","link":"https:\/\/mirausa.net\/?p=697","title":{"rendered":"Participan en la III Feria de Servicios para colombianos en la Florida"},"content":{"rendered":"<p><span style=\"line-height: 1.3em;\"><img decoding=\"async\" src=\"images\/stories\/Florida\/Miami-III-%20Feria-de-Servicios-para-colombianos-27-28-sept-2014.JPG\" border=\"0\" width=\"200\" height=\"150\" style=\"float: left; margin-left: 10px; margin-right: 10px;\" \/>Miami, FL &#8211; \u00a0Aproximadamente 50 Mira\u00edstas se dieron cita el 27 y 28 de septiembre de 2014 en el Fair &amp; Expo Center, localizado en 10901 Coral Way para facilitar el \u00f3ptimo uso del tiempo de los ciudadanos colombianos en la Feria y as\u00ed facilitar la oportunidad de beneficiarse de los servicios y asesor\u00edas ofrecidas para mejorar su calidad de vida.<\/span><\/p>\n<p>  <!--more-->  <\/p>\n<p><span style=\"line-height: 1.3em;\">Los Mira\u00edstas colaboraron en tareas de recibimiento de los visitantes, difusi\u00f3n de informaci\u00f3n, asistencia a las personas en las diligencias de Colpensiones, acompa\u00f1amiento de invitados especiales como la se\u00f1orita Colombia Paulina Vega Dieppa y el cantautor Andr\u00e9s Cabas, etc. Esta es la segunda vez que MIRA USA se une en apoyo a esta jornada de asistencia a los colombianos de la Florida como parte de su compromiso con la comunidad de mejorar la calidad de vida.<\/span><\/p>\n<p><span style=\"line-height: 1.3em;\">El evento cont\u00f3 con servicios como consulado m\u00f3vil, ex\u00e1menes m\u00e9dicos gratuitos, jornadas de salud, conferencias sobre el plan retorno, del ICETEX (Instituto Colombiano de Cr\u00e9dito Educativo y Estudios en el Exterior), Colpensiones, declaraci\u00f3n de impuestos, ahorros, protecci\u00f3n social y formaci\u00f3n, y empleo para los colombianos en el exterior.<\/span><\/p>\n<p><span style=\"line-height: 1.3em;\">Tambi\u00e9n cerca de 90 entidades, colombianas y locales de la empresa privada, el gobierno de Colombia, los Estados Unidos y sin \u00e1nimo de lucro informaron acerca de inmigraci\u00f3n, importaci\u00f3n, exportaci\u00f3n, negocios, seguros de salud, acceso a pr\u00e9stamos de bienes ra\u00edces, ley de v\u00edctimas y restituci\u00f3n de tierras, pensiones, educaci\u00f3n, importaci\u00f3n, exportaci\u00f3n, negocios, etc.<\/span><\/p>\n<p><span style=\"line-height: 1.3em;\">Los participantes de la feria disfrutaron de la exhibici\u00f3n de pintura en homenaje al escritor Gabriel Garc\u00eda M\u00e1rquez y de ameno entretenimiento con la participaci\u00f3n del grupo de danza Quillami y los cantantes Andr\u00e9s Cabas y Man\u00fa. De forma similar, los ni\u00f1os disfrutaron de divertidas actividades como concurso de pintura y lectura de f\u00e1bulas, entre otras.<\/span><\/p>\n<p><span style=\"line-height: 1.3em;\">La feria, la cual cont\u00f3 con aproximadamente cinco mil visitantes, fue llevada a cabo por el Consulado de Colombia en Miami y la Canciller\u00eda por medio del programa \u201cColombia Nos Une\u201d y la Direcci\u00f3n de Asuntos Migratorios, Consulares y de Servicio al Ciudadano. Entre los patrocinadores del evento se encuentran Proexport Colombia, Colpensiones, DIAN, UNAD, Bienestar Familiar, Camacol, Universidad EAN, FNA Ahorro, OISS, Bancolombia, UGPP y REDVUELVE.<\/span><\/p>\n<p><span style=\"line-height: 1.3em;\">El embajador de Colombia en Washington, Dr. Luis Carlos Villegas, la C\u00f3nsul General de Colombia en Miami, Dra. Marta Jaramillo, el Director de Asuntos Migratorios, Consulares y Servicio al Ciudadano, Embajador Javier Dar\u00edo Higuera, la Representante a la C\u00e1mara por los Colombianos en el Exterior, Ana Paola Agudelo, la Jueza Diana Gonzalez-Whyte y la se\u00f1orita Colombia Paulina Vega Dieppa, entre otras personalidades estuvieron presente en la feria.<\/span><\/p>\n","protected":false},"excerpt":{"rendered":"<p>Miami, FL &#8211; \u00a0Aproximadamente 50 Mira\u00edstas se dieron cita el 27 y 28 de septiembre de 2014 en el Fair &amp; Expo Center, localizado en 10901 Coral Way para facilitar [&hellip;]<\/p>\n","protected":false},"author":1,"featured_media":0,"comment_status":"open","ping_status":"open","sticky":false,"template":"","format":"standard","meta":{"_acf_changed":false,"footnotes":""},"categories":[1],"tags":[],"class_list":["post-697","post","type-post","status-publish","format-standard","hentry","category-sin-categoria"],"acf":[],"_links":{"self":[{"href":"https:\/\/mirausa.net\/index.php?rest_route=\/wp\/v2\/posts\/697","targetHints":{"allow":["GET"]}}],"collection":[{"href":"https:\/\/mirausa.net\/index.php?rest_route=\/wp\/v2\/posts"}],"about":[{"href":"https:\/\/mirausa.net\/index.php?rest_route=\/wp\/v2\/types\/post"}],"author":[{"embeddable":true,"href":"https:\/\/mirausa.net\/index.php?rest_route=\/wp\/v2\/users\/1"}],"replies":[{"embeddable":true,"href":"https:\/\/mirausa.net\/index.php?rest_route=%2Fwp%2Fv2%2Fcomments&post=697"}],"version-history":[{"count":0,"href":"https:\/\/mirausa.net\/index.php?rest_route=\/wp\/v2\/posts\/697\/revisions"}],"wp:attachment":[{"href":"https:\/\/mirausa.net\/index.php?rest_route=%2Fwp%2Fv2%2Fmedia&parent=697"}],"wp:term":[{"taxonomy":"category","embeddable":true,"href":"https:\/\/mirausa.net\/index.php?rest_route=%2Fwp%2Fv2%2Fcategories&post=697"},{"taxonomy":"post_tag","embeddable":true,"href":"https:\/\/mirausa.net\/index.php?rest_route=%2Fwp%2Fv2%2Ftags&post=697"}],"curies":[{"name":"wp","href":"https:\/\/api.w.org\/{rel}","templated":true}]}}