{"id":749,"date":"2016-05-10T12:49:36","date_gmt":"2016-05-10T12:49:36","guid":{"rendered":"https:\/\/mirausa.net\/wpmirausa\/miraistas-atienden-taller-sobre-las-dimensiones-y-objetivos-de-la-seguridad-humana\/"},"modified":"2016-05-10T12:49:36","modified_gmt":"2016-05-10T12:49:36","slug":"miraistas-atienden-taller-sobre-las-dimensiones-y-objetivos-de-la-seguridad-humana","status":"publish","type":"post","link":"https:\/\/mirausa.net\/?p=749","title":{"rendered":"Mira\u00edstas atienden taller sobre las dimensiones y objetivos de la seguridad humana"},"content":{"rendered":"<p><img fetchpriority=\"high\" decoding=\"async\" style=\"border: 0;\" src=\"images\/IMG_0002.JPG\" width=\"500\" height=\"500\" border=\"0\" \/><br \/>\n<span style=\"font-size: 12.16px; line-height: 1.3em;\">New York y Sur de la Florida &#8211; El 22 y 23 de abril un grupo de aproximadamente cincuenta mira\u00edstas se reuni\u00f3 en cada una de las locaciones para asistir al taller titulado <\/span><strong style=\"font-size: 12.16px; line-height: 1.3em;\">&#8220;Dimensiones y objetivos de la seguridad humana&#8221;<\/strong><span style=\"font-size: 12.16px; line-height: 1.3em;\">, el que fue impartido por el Presidente de la Association Miraismo International (AMI), Enrique Montes. El taller sirvi\u00f3 como marco informativo a los voluntarios de MIRA USA sobre el trabajo que la asociaci\u00f3n ha adelantado y las oportunidades en las cuales se puede aportar como voluntariado.<\/span><br \/>\n<!--more--><br \/>\nEl Sr. Enrique Montes resumi\u00f3 los logros que la Asociaci\u00f3n Mira\u00edsmo Internacional ha tenido en el pasado, tales como ser una ONG recomendada con estado especial consultivo del Consejo Econ\u00f3mico y Social de las Naciones Unidas (ECOSOC) &#8211; Naciones Unidas. Este estado consultivo permite tener acceso y voz en los consejos, foros y reuniones de alto nivel que se celebran en las naciones unidas. En ese marco resalt\u00f3 la necesidad de elaborar un plan de acci\u00f3n para que con el logro de las metas \u00e9stestado consultivo se siga renovando. Tambi\u00e9n coment\u00f3 que los logros que se han llevado a cabo en asociaciones hom\u00f3logas del Mira\u00edsmo internacional como las que existen actualmente Espa\u00f1a, Reino Unido, Ecuador, los E.E.U.U., Venezuela, Argentina, y grupos de trabajos en otros pa\u00edses han servido para obtener este estado consultivo en la ONU.<br \/>\nVea las fotos del evento en New york <a href=\"https:\/\/flic.kr\/s\/aHskwymWfi\" target=\"_blank\" rel=\"noopener noreferrer\">aqu\u00ed<\/a><br \/>\nVea las fotos del evento en el Sur de la Florida <a href=\"https:\/\/flic.kr\/s\/aHskzSzLGa\" target=\"_blank\" rel=\"noopener noreferrer\">aqu\u00ed<\/a><br \/>\nLa AMI tambi\u00e9n constituy\u00f3 una entidad nueva llamada \u201cThe Freedom of Religion International Center\u201dor FRICE, la cual funcionar\u00e1 como un observatorio y centro de divulgaci\u00f3n, elaboraci\u00f3n de recomendaciones y publicaciones en materia de libertad de religi\u00f3n y creencia. Asimismo el FRICE estar\u00e1 presente en conferencias, congresos internacionales especializados en este tema as\u00ed como la AMI ha hecho este acompa\u00f1amiento en el pasado.<br \/>\nAsimismo desarroll\u00f3 los temas de los grupos de trabajo de la AMI y todas las asociaciones pertenecientes a la AMI del sistema de gesti\u00f3n del voluntariado en las dimensiones de la seguridad humana del plan de acci\u00f3n de la Association Miraisme International durante el per\u00edodo de 2015-2018; las cuales son los derechos humanos (incluyendo los de las minor\u00edas de car\u00e1cter religioso, \u00e9tnico, racial, o pol\u00edticas, etc.), el desarrollo humano sostenible, la construcci\u00f3n de paz y convivencia con respeto en los grupos de inter\u00e9s priorizados; los cuales son los migrantes, las mujeres y los j\u00f3venes. En el taller tambi\u00e9n hubo espacio para diversas inquietudes de los participantes, los cuales expresaron su extraordinario inter\u00e9s en los temas que se trataron y su deseo de colaborar en las diferentes \u00e1reas de trabajo en el futuro. Para obtener m\u00e1s informaci\u00f3n sobre la Asociaci\u00f3n Mira\u00edsmo Internacional, visitar la p\u00e1gina web :\u00a0<span style=\"font-size: 12.16px; line-height: 15.808px;\">www.miraismo.org.<\/span><\/p>\n","protected":false},"excerpt":{"rendered":"<p>New York y Sur de la Florida &#8211; El 22 y 23 de abril un grupo de aproximadamente cincuenta mira\u00edstas se reuni\u00f3 en cada una de las locaciones para asistir [&hellip;]<\/p>\n","protected":false},"author":1,"featured_media":0,"comment_status":"open","ping_status":"open","sticky":false,"template":"","format":"standard","meta":{"_acf_changed":false,"footnotes":""},"categories":[1],"tags":[],"class_list":["post-749","post","type-post","status-publish","format-standard","hentry","category-sin-categoria"],"acf":[],"_links":{"self":[{"href":"https:\/\/mirausa.net\/index.php?rest_route=\/wp\/v2\/posts\/749","targetHints":{"allow":["GET"]}}],"collection":[{"href":"https:\/\/mirausa.net\/index.php?rest_route=\/wp\/v2\/posts"}],"about":[{"href":"https:\/\/mirausa.net\/index.php?rest_route=\/wp\/v2\/types\/post"}],"author":[{"embeddable":true,"href":"https:\/\/mirausa.net\/index.php?rest_route=\/wp\/v2\/users\/1"}],"replies":[{"embeddable":true,"href":"https:\/\/mirausa.net\/index.php?rest_route=%2Fwp%2Fv2%2Fcomments&post=749"}],"version-history":[{"count":0,"href":"https:\/\/mirausa.net\/index.php?rest_route=\/wp\/v2\/posts\/749\/revisions"}],"wp:attachment":[{"href":"https:\/\/mirausa.net\/index.php?rest_route=%2Fwp%2Fv2%2Fmedia&parent=749"}],"wp:term":[{"taxonomy":"category","embeddable":true,"href":"https:\/\/mirausa.net\/index.php?rest_route=%2Fwp%2Fv2%2Fcategories&post=749"},{"taxonomy":"post_tag","embeddable":true,"href":"https:\/\/mirausa.net\/index.php?rest_route=%2Fwp%2Fv2%2Ftags&post=749"}],"curies":[{"name":"wp","href":"https:\/\/api.w.org\/{rel}","templated":true}]}}