{"id":750,"date":"2016-05-11T21:04:53","date_gmt":"2016-05-11T21:04:53","guid":{"rendered":"https:\/\/mirausa.net\/wpmirausa\/mesa-nacional-de-las-migraciones\/"},"modified":"2016-05-11T21:04:53","modified_gmt":"2016-05-11T21:04:53","slug":"mesa-nacional-de-las-migraciones","status":"publish","type":"post","link":"https:\/\/mirausa.net\/?p=750","title":{"rendered":"Mesa Nacional de las Migraciones"},"content":{"rendered":"<p>Estados Unidos \u2013 29 de abril de 2016, La canciller\u00eda del Gobierno de Colombia, a trav\u00e9s de las embajadas y consulados adscritos al programa Colombia nos Une, realizo una convocatoria abierta a todas las organizaciones de Colombianos residentes en el exterior que se encontraran legalmente constituidas, con el fin de invitarlos a la conformaci\u00f3n de la Mesa Nacional de Migraciones, un espacio de participaci\u00f3n abierta por medio del cual se quiere dar mayor participaci\u00f3n a los colombianos que no residen dentro del pa\u00eds, el prop\u00f3sito principal de la Mesa es la modificaci\u00f3n de la ley 1465 de 2011, que busca, que el Gobierno Nacional ampare, proteja, y ayude a todos aquellos connacionales que se encuentran residiendo en el exterior.<\/p>\n<p>MIRA USA como una organizaci\u00f3n no gubernamental, conformada por y para los inmigrantes de todas las nacionalidades, en esta ocasi\u00f3n y as\u00ed como en anteriores se ha trabajado con el gobierno Ecuatoriano, en este evento se quiso aceptar la invitaci\u00f3n de la canciller\u00eda colombiana, y participo con los colombianos en la primera reuni\u00f3n para la conformaci\u00f3n de la Mesa Nacional de Migraciones en Bogot\u00e1, y en varios consulados de dicho pa\u00eds a lo largo y ancho de los Estados Unidos, varios de nuestros delegados hicieron presencia entre ellos Carlos Andr\u00e9s L\u00f3pez quien estuvo f\u00edsicamente en la ciudad de Bogot\u00e1, plaza escogida para dicho encuentro.<\/p>\n<p>Dentro de la conclusiones que se lograron de este ejercicio, se llego a un acuerdo para ampliar la participaci\u00f3n a la mayor cantidad de organizaciones, y asociaciones que representen a la comunidad Colombia en el extranjero, tambi\u00e9n se expusieron ampliamente las necesidades y dificultades que enfrenta los nacionales de Colombia cuando toman la decisi\u00f3n de vivir en el exterior, independientemente de la motivaci\u00f3n que los llevo a decidirse por un pa\u00eds diferente al de su origen.<\/p>\n","protected":false},"excerpt":{"rendered":"<p>Estados Unidos \u2013 29 de abril de 2016, La canciller\u00eda del Gobierno de Colombia, a trav\u00e9s de las embajadas y consulados adscritos al programa Colombia nos Une, realizo una convocatoria [&hellip;]<\/p>\n","protected":false},"author":1,"featured_media":0,"comment_status":"open","ping_status":"open","sticky":false,"template":"","format":"standard","meta":{"_acf_changed":false,"footnotes":""},"categories":[571],"tags":[],"class_list":["post-750","post","type-post","status-publish","format-standard","hentry","category-sin-categoria-es"],"acf":[],"_links":{"self":[{"href":"https:\/\/mirausa.net\/index.php?rest_route=\/wp\/v2\/posts\/750","targetHints":{"allow":["GET"]}}],"collection":[{"href":"https:\/\/mirausa.net\/index.php?rest_route=\/wp\/v2\/posts"}],"about":[{"href":"https:\/\/mirausa.net\/index.php?rest_route=\/wp\/v2\/types\/post"}],"author":[{"embeddable":true,"href":"https:\/\/mirausa.net\/index.php?rest_route=\/wp\/v2\/users\/1"}],"replies":[{"embeddable":true,"href":"https:\/\/mirausa.net\/index.php?rest_route=%2Fwp%2Fv2%2Fcomments&post=750"}],"version-history":[{"count":0,"href":"https:\/\/mirausa.net\/index.php?rest_route=\/wp\/v2\/posts\/750\/revisions"}],"wp:attachment":[{"href":"https:\/\/mirausa.net\/index.php?rest_route=%2Fwp%2Fv2%2Fmedia&parent=750"}],"wp:term":[{"taxonomy":"category","embeddable":true,"href":"https:\/\/mirausa.net\/index.php?rest_route=%2Fwp%2Fv2%2Fcategories&post=750"},{"taxonomy":"post_tag","embeddable":true,"href":"https:\/\/mirausa.net\/index.php?rest_route=%2Fwp%2Fv2%2Ftags&post=750"}],"curies":[{"name":"wp","href":"https:\/\/api.w.org\/{rel}","templated":true}]}}