{"id":768,"date":"2016-09-28T19:33:30","date_gmt":"2016-09-28T19:33:30","guid":{"rendered":"https:\/\/mirausa.net\/wpmirausa\/mira-usa-participa-en-el-desfile-de-las-naciones-2016-la-celebracion-latina-mas-importante-y-en-el-festival-latino-2016-en-la-capital-de-la-nacion-de-washington-dc\/"},"modified":"2016-09-28T19:33:30","modified_gmt":"2016-09-28T19:33:30","slug":"mira-usa-participa-en-el-desfile-de-las-naciones-2016-la-celebracion-latina-mas-importante-y-en-el-festival-latino-2016-en-la-capital-de-la-nacion-de-washington-dc","status":"publish","type":"post","link":"https:\/\/mirausa.net\/?p=768","title":{"rendered":"MIRA USA participa en el Desfile de las naciones 2016 la celebraci\u00f3n latina m\u00e1s importante y en el Festival Latino 2016 en la Capital de la Naci\u00f3n de Washington DC."},"content":{"rendered":"<p class=\"p1\"><img fetchpriority=\"high\" decoding=\"async\" src=\"images\/Con%20las%20banderas%20en%20alto%20concluimos%20el%20desfiles%20.JPG\" border=\"0\" width=\"600\" height=\"600\" style=\"border: 0; vertical-align: text-bottom;\" \/><\/p>\n<p class=\"p1\">Washington, D.C \u2013 MIRA USA participo en el \u201cDesfile de las Naciones 2016\u201d apoyando a la comunidad latina, batiendo banderas de los diferentes pa\u00edses mostrando su diversidad e inclusi\u00f3n de la cultura latina. \u00a0El desfile que se llev\u00f3 a cabo en el centro de la capital en la Constituci\u00f3n Ave entra las calles 7th y 14th en Washington DC, lleva m\u00e1s de 44 a\u00f1os apoyando la cultura latina. Los miraistas entre j\u00f3venes, ni\u00f1os y adultos, al igual que diferentes entidades se reunieron en el desfile portando sus camisetas o bien sus trajes de los pa\u00edses que representaban, muchos con muestras culturales, grupos folcl\u00f3ricos, danzas, m\u00fasica, s\u00edmbolos representativos, \u00a0pancartas y presentaciones de artistas locales para mostrar su apoyo a la comunidad latina y la importancia de preservar su cultura.<\/p>\n<p class=\"p1\">El d\u00eda siguiente ,18 de septiembre en el festival latino 2016 en la Pensilvania Ave en Washington DC. Los miraistas, la comunidad latina y los asistentes disfrutaron de presentaciones en vivo, vendedores de diferentes comidas y exhibiciones. El fesival permiti\u00f3 a MIRA USA as\u00ed como a muchas otras entidades y peque\u00f1os negociantes a reconocer a la comunidad latina en la regi\u00f3n metropolitana de Washington DC, que incluye al Distrito de Columbia, Virginia y Maryland.\u00a0<span style=\"font-size: 12.16px;\">\u00a0<\/span><\/p>\n<p class=\"p1\">Haga clic\u00a0<a href=\"https:\/\/flic.kr\/s\/aHskKAc2dR\"><span class=\"s1\">aqu\u00ed\u00a0<\/span><\/a>para ver fotos del evento.<\/p>\n","protected":false},"excerpt":{"rendered":"<p>Washington, D.C \u2013 MIRA USA participo en el \u201cDesfile de las Naciones 2016\u201d apoyando a la comunidad latina, batiendo banderas de los diferentes pa\u00edses mostrando su diversidad e inclusi\u00f3n de [&hellip;]<\/p>\n","protected":false},"author":1,"featured_media":0,"comment_status":"open","ping_status":"open","sticky":false,"template":"","format":"standard","meta":{"_acf_changed":false,"footnotes":""},"categories":[121],"tags":[],"class_list":["post-768","post","type-post","status-publish","format-standard","hentry","category-noticias"],"acf":[],"_links":{"self":[{"href":"https:\/\/mirausa.net\/index.php?rest_route=\/wp\/v2\/posts\/768","targetHints":{"allow":["GET"]}}],"collection":[{"href":"https:\/\/mirausa.net\/index.php?rest_route=\/wp\/v2\/posts"}],"about":[{"href":"https:\/\/mirausa.net\/index.php?rest_route=\/wp\/v2\/types\/post"}],"author":[{"embeddable":true,"href":"https:\/\/mirausa.net\/index.php?rest_route=\/wp\/v2\/users\/1"}],"replies":[{"embeddable":true,"href":"https:\/\/mirausa.net\/index.php?rest_route=%2Fwp%2Fv2%2Fcomments&post=768"}],"version-history":[{"count":0,"href":"https:\/\/mirausa.net\/index.php?rest_route=\/wp\/v2\/posts\/768\/revisions"}],"wp:attachment":[{"href":"https:\/\/mirausa.net\/index.php?rest_route=%2Fwp%2Fv2%2Fmedia&parent=768"}],"wp:term":[{"taxonomy":"category","embeddable":true,"href":"https:\/\/mirausa.net\/index.php?rest_route=%2Fwp%2Fv2%2Fcategories&post=768"},{"taxonomy":"post_tag","embeddable":true,"href":"https:\/\/mirausa.net\/index.php?rest_route=%2Fwp%2Fv2%2Ftags&post=768"}],"curies":[{"name":"wp","href":"https:\/\/api.w.org\/{rel}","templated":true}]}}