{"id":793,"date":"2017-03-30T19:46:36","date_gmt":"2017-03-30T19:46:36","guid":{"rendered":"https:\/\/mirausa.net\/wpmirausa\/familias-latinas-se-instruyen-sobre-el-proceso-de-la-educacion-especial\/"},"modified":"2025-05-04T23:31:56","modified_gmt":"2025-05-05T04:31:56","slug":"familias-latinas-se-instruyen-sobre-el-proceso-de-la-educacion-especial","status":"publish","type":"post","link":"https:\/\/mirausa.net\/?p=793","title":{"rendered":"Familias latinas se instruyen sobre el proceso de la educaci\u00f3n especial"},"content":{"rendered":"<p class=\"MsoNormal\"><span style=\"font-family: 'Helvetica Neue'; font-size: 12px; -webkit-text-stroke: #000000;\"><img fetchpriority=\"high\" decoding=\"async\" src=\"images\/unnamed-7.jpg\" border=\"0\" width=\"540\" height=\"540\" style=\"border: 0;\" \/><\/span><\/p>\n<p><span style=\"font-family: 'Helvetica Neue'; font-size: 12px; -webkit-text-stroke: #000000;\">Charlotte, NC \u2013<\/span><span style=\"font-family: 'Helvetica Neue'; font-size: 12px; -webkit-text-stroke: #000000;\">Un grupo de padres latinos, tuvo la oportunidad de asistir al taller gratuito: \u201cC\u00f3mo navegar en el proceso de la educaci\u00f3n especial en Carolina del Norte\u201d, donde se instruyeron acerca de las leyes, programas y beneficios que los ni\u00f1os con discapacidades nacidos en este pa\u00eds pueden tener<\/span><span style=\"font-size: 12px; -webkit-text-stroke-color: #000000; font-family: 'Helvetica Neue';\">\u00a0<\/span><\/p>\n<p><span style=\"font-family: 'Helvetica Neue';\"><span style=\"font-size: 12px; -webkit-text-stroke-color: #000000;\">Haga clic<a href=\"https:\/\/flic.kr\/s\/aHskS1uATP\"> aqu\u00ed <\/a>para ver fotos del evento.<\/span><\/span><\/p>\n<p><span class=\"s1\">El evento convocado por MIRA USA se realiz\u00f3 el s\u00e1bado 18 de marzo en la Biblioteca Principal de Monroe, en alianza con el Centro de Asistencia para Ni\u00f1os con Discapacidades (ECAC).<\/span><\/p>\n<p><span class=\"s1\">Teresa Pe\u00f1a educadora de ECAC, habl\u00f3 acerca de la ley federal IDEA o Ley para el Mejoramiento de la Educaci\u00f3n de Individuos con Discapacidades, del 2004; as\u00ed como de la importancia de conocer sus principios para que los ni\u00f1os puedan acceder a los servicios y programas.<\/span><\/p>\n<p><span class=\"s1\">\u201cCuando un ni\u00f1o nace en Estados Unidos, la ley federal dice que debe ser educado desde los 0 a los 22 a\u00f1os, y recibir los servicios y el apoyo necesario para sus necesidades \u00fanicas\u201d, enfatiz\u00f3 Pe\u00f1a.<\/span><\/p>\n<p><span class=\"s1\">La educadora se enfoc\u00f3 en uno de los principios de IDEA, que es el Programa Educativo Individualizado (EIP), al que un ni\u00f1o con alg\u00fan tipo de discapacidad tiene derecho luego de una evaluaci\u00f3n anual en la escuela.<\/span><\/p>\n<p><span class=\"s1\">\u201cEl EIP es es inicio de los servicios para su hijo\u201d, afirm\u00f3 Pe\u00f1a.<\/span><\/p>\n<p><span class=\"s1\">Despu\u00e9s de dos horas llenas de informaci\u00f3n, ejemplos y situaciones reales que enfrentan los padres de ni\u00f1os con discapacidades, se dio un espacio para preguntas y respuestas que sirvi\u00f3 para despejar dudas y afianzar los conocimientos adquiridos por los participantes.<\/span><\/p>\n<p><span class=\"s1\">\u201cMe voy con muy buena informaci\u00f3n. Pensaba que recib\u00eda la mejor informaci\u00f3n de la escuela, pero ahora s\u00e9 que mi hijo tiene muchas m\u00e1s necesidades en que el estado le puede ayudar, incluso cuando llegue a ser un adulto\u201d, opin\u00f3 Carmelo Ambris, padre de un ni\u00f1o de 15 a\u00f1os con s\u00edndrome de down.<\/span><\/p>\n<p><span class=\"s1\">En el taller se brind\u00f3 adem\u00e1s cuidado de ni\u00f1os con la colaboraci\u00f3n de varias miraistas, que se encargaron de cuidarlos y distraerlos.<\/span><span style=\"font-size: 12.16px;\">Cabe destacar que el Programa de Ni\u00f1os Excepcionales (EC) de las Escuelas P\u00fablicas del Condado Union, distribuy\u00f3 el volante de MIRA USA sobre el evento entre los padres.\u00a0<\/span><\/p>\n<p><span class=\"s1\">\u201cEsto demuestra cuan valiosa es la informaci\u00f3n contenida en el taller, que est\u00e1 acorde con nuestra visi\u00f3n miraista de ayudar a las comunidades m\u00e1s vulnerables\u201d, anot\u00f3 Martha Pulgar\u00edn, directora local de MIRA USA.<\/span><\/p>\n","protected":false},"excerpt":{"rendered":"<p>Charlotte, NC \u2013Un grupo de padres latinos, tuvo la oportunidad de asistir al taller gratuito: \u201cC\u00f3mo navegar en el proceso de la educaci\u00f3n especial en Carolina del Norte\u201d, donde se [&hellip;]<\/p>\n","protected":false},"author":1,"featured_media":0,"comment_status":"closed","ping_status":"open","sticky":false,"template":"","format":"standard","meta":{"_acf_changed":false,"footnotes":""},"categories":[121],"tags":[],"class_list":["post-793","post","type-post","status-publish","format-standard","hentry","category-noticias"],"acf":[],"_links":{"self":[{"href":"https:\/\/mirausa.net\/index.php?rest_route=\/wp\/v2\/posts\/793","targetHints":{"allow":["GET"]}}],"collection":[{"href":"https:\/\/mirausa.net\/index.php?rest_route=\/wp\/v2\/posts"}],"about":[{"href":"https:\/\/mirausa.net\/index.php?rest_route=\/wp\/v2\/types\/post"}],"author":[{"embeddable":true,"href":"https:\/\/mirausa.net\/index.php?rest_route=\/wp\/v2\/users\/1"}],"replies":[{"embeddable":true,"href":"https:\/\/mirausa.net\/index.php?rest_route=%2Fwp%2Fv2%2Fcomments&post=793"}],"version-history":[{"count":1,"href":"https:\/\/mirausa.net\/index.php?rest_route=\/wp\/v2\/posts\/793\/revisions"}],"predecessor-version":[{"id":26450,"href":"https:\/\/mirausa.net\/index.php?rest_route=\/wp\/v2\/posts\/793\/revisions\/26450"}],"wp:attachment":[{"href":"https:\/\/mirausa.net\/index.php?rest_route=%2Fwp%2Fv2%2Fmedia&parent=793"}],"wp:term":[{"taxonomy":"category","embeddable":true,"href":"https:\/\/mirausa.net\/index.php?rest_route=%2Fwp%2Fv2%2Fcategories&post=793"},{"taxonomy":"post_tag","embeddable":true,"href":"https:\/\/mirausa.net\/index.php?rest_route=%2Fwp%2Fv2%2Ftags&post=793"}],"curies":[{"name":"wp","href":"https:\/\/api.w.org\/{rel}","templated":true}]}}