{"id":8083,"date":"2019-08-28T19:15:11","date_gmt":"2019-08-28T23:15:11","guid":{"rendered":"https:\/\/mirausa.net\/?p=8083"},"modified":"2019-08-28T19:15:11","modified_gmt":"2019-08-28T23:15:11","slug":"miraistas-continuan-capacitandose-con-la-cruz-roja-para-atender-a-todos-los-necesitados-en-atencion-a-desastres","status":"publish","type":"post","link":"https:\/\/mirausa.net\/?p=8083","title":{"rendered":"Mira\u00edstas contin\u00faan capacit\u00e1ndose con la Cruz Roja para atender a todos los necesitados en \u201cAtenci\u00f3n a desastres\u201d."},"content":{"rendered":"<p><img fetchpriority=\"high\" decoding=\"async\" class=\"alignnone size-medium wp-image-8084\" src=\"https:\/\/mirausa.net\/wp-content\/uploads\/2019\/08\/08_17_19-Jornada-de-Capacitacion-en-la-Cruz-Roja.-Miraistas-exponen-sobre-la-parte-final-de-finalizacion-de-un-refigio.--300x225.jpg\" alt=\"\" width=\"300\" height=\"225\" \/><\/p>\n<p><b><span style=\"vertical-align: inherit;\"><span style=\"vertical-align: inherit;\">Mira\u00edstas contin\u00faan capacit\u00e1ndose con la Cruz Roja para atender a todos los necesitados en \u201cAtenci\u00f3n a desastres\u201d.\u00a0<\/span><\/span><\/b><\/p>\n<p><span style=\"font-weight: 400;\"><span style=\"vertical-align: inherit;\"><span style=\"vertical-align: inherit;\">Sede: Rockville- (MD) y Virginia\u00a0<\/span><\/span><\/span><\/p>\n<p><span style=\"font-weight: 400;\"><span style=\"vertical-align: inherit;\"><span style=\"vertical-align: inherit;\">Voluntarios de MIRA USA de Maryland y Virginia, se reunieron en la sede principal de la Cruz Roja en Washington DC Para recibir la capacitaci\u00f3n en: \u201cTodos son bienvenidos a nuestra casa\u201d. <\/span><span style=\"vertical-align: inherit;\">En esta primera capacitaci\u00f3n, que fue desde las 9 am hasta las 10:30 am, los Mira\u00edstas aprendieron sobre el compromiso de la Cruz Roja en atender las necesidades de todas las personas en situaci\u00f3n de desastre, sin exclusi\u00f3n alguna. <\/span><span style=\"vertical-align: inherit;\">Los Mira\u00edstas conocieron la importancia de proveer servicios a las personas con necesidades de acceso, de funci\u00f3n y con discapacidades.\u00a0<\/span><\/span><\/span><\/p>\n<p><span style=\"font-weight: 400;\"><span style=\"vertical-align: inherit;\"><span style=\"vertical-align: inherit;\">En la segunda parte de la capacitaci\u00f3n \u201cAspectos B\u00e1sicos de refugio\u201d que tuvo lugar desde las 11:00 am hasta el final1: 30 pm, los Mira\u00edstas se prepararon en asistir en la gesti\u00f3n de recursos, apertura, funcionamiento y cierre de un refugio de la Cruz Roja <\/span><span style=\"vertical-align: inherit;\">Se realizo una actividad por grupos, donde los Mira\u00edstas delegaron posibles funciones dentro de un refugio, es decir; <\/span><span style=\"vertical-align: inherit;\">el l\u00edder del refugio, el gerente del refugio, el supervisor, entre otros cargos. <\/span><span style=\"vertical-align: inherit;\">Dentro de estos mismos grupos tambi\u00e9n se realiza un ejemplo de distribuci\u00f3n de recursos para: las comidas (dormitorios), dormitorios, registro, emergencias y notificaciones de finalizaci\u00f3n de refugio. <\/span><span style=\"vertical-align: inherit;\">Cada grupo expuso como realizar una determinada funci\u00f3n si estar\u00eda en un refugio de desastre. <\/span><span style=\"vertical-align: inherit;\">Para Finalizar,\u00a0<\/span><\/span><\/span><\/p>\n<p><span style=\"font-weight: 400;\"><span style=\"vertical-align: inherit;\"><span style=\"vertical-align: inherit;\">Esta Jornada de capacitaci\u00f3n, cont\u00f3 con la participaci\u00f3n de 29 Voluntarios de MIRA USA y 4 voluntarios de la Cruz Roja.<\/span><\/span><\/span><\/p>\n<p><b><span style=\"vertical-align: inherit;\"><span style=\"vertical-align: inherit;\">Participantes:\u00a0<\/span><\/span><\/b><\/p>\n<p><b><span style=\"vertical-align: inherit;\"><span style=\"vertical-align: inherit;\">Cruz Roja\u00a0<\/span><\/span><\/b><\/p>\n<ul>\n<li style=\"font-weight: 400;\"><span style=\"font-weight: 400;\"><span style=\"vertical-align: inherit;\"><span style=\"vertical-align: inherit;\">Steven Colon: Coordinador de programas de desastres<\/span><\/span><\/span><\/li>\n<li style=\"font-weight: 400;\"><span style=\"font-weight: 400;\"><span style=\"vertical-align: inherit;\"><span style=\"vertical-align: inherit;\">Joseph Prewitt Diaz: Expositor\u00a0<\/span><\/span><\/span><\/li>\n<li style=\"font-weight: 400;\"><span style=\"font-weight: 400;\"><span style=\"vertical-align: inherit;\"><span style=\"vertical-align: inherit;\">Cara Noverio: Gerente de programa de desastres\u00a0<\/span><\/span><\/span><\/li>\n<li style=\"font-weight: 400;\"><span style=\"font-weight: 400;\"><span style=\"vertical-align: inherit;\"><span style=\"vertical-align: inherit;\">Paul Carden: Oficial Regional del programa de desastres\u00a0<\/span><\/span><\/span><\/li>\n<\/ul>\n<p><b><span style=\"vertical-align: inherit;\"><span style=\"vertical-align: inherit;\">Mira\u00edstas Rockville- (MD) y Virginia<\/span><\/span><\/b><\/p>\n<ul>\n<li style=\"font-weight: 400;\"><span style=\"font-weight: 400;\"><span style=\"vertical-align: inherit;\"><span style=\"vertical-align: inherit;\">29 Miraistas\u00a0<\/span><\/span><\/span><\/li>\n<li style=\"font-weight: 400;\"><span style=\"font-weight: 400;\"><span style=\"vertical-align: inherit;\"><span style=\"vertical-align: inherit;\">Maryland: 14\u00a0<\/span><\/span><\/span><\/li>\n<li style=\"font-weight: 400;\"><span style=\"font-weight: 400;\"><span style=\"vertical-align: inherit;\"><span style=\"vertical-align: inherit;\">Virginia: 15<\/span><\/span><\/span><\/li>\n<\/ul>\n<p><span style=\"font-weight: 400;\"><span style=\"vertical-align: inherit;\"><span style=\"vertical-align: inherit;\">Cursos: \u201cTodos son bienvenidos a nuestra casa\u201d y \u201cFundamentos de Refugi\u00f3\u201d<\/span><\/span><\/span><\/p>\n<p><span style=\"vertical-align: inherit;\"><span style=\"vertical-align: inherit;\">Galer\u00eda de Im\u00e1genes <\/span><\/span><a href=\"https:\/\/www.flickr.com\/photos\/mirausa\/albums\/72157710591429446\"><span style=\"vertical-align: inherit;\"><span style=\"vertical-align: inherit;\">aqu\u00ed<\/span><\/span><\/a><\/p>\n","protected":false},"excerpt":{"rendered":"<p>Mira\u00edstas contin\u00faan capacit\u00e1ndose con la Cruz Roja para atender a todos los necesitados en \u201cAtenci\u00f3n a desastres\u201d.\u00a0 Sede: Rockville- (MD) y Virginia\u00a0 Voluntarios de MIRA USA de Maryland y Virginia, [&hellip;]<\/p>\n","protected":false},"author":1,"featured_media":8086,"comment_status":"closed","ping_status":"open","sticky":false,"template":"","format":"standard","meta":{"_acf_changed":false,"footnotes":""},"categories":[1],"tags":[93,409,404,95,155,433,434,122],"class_list":["post-8083","post","type-post","status-publish","format-standard","has-post-thumbnail","hentry","category-sin-categoria","tag-atencion-a-desastres","tag-cruzroja","tag-cruzrojaamericana-es","tag-mira-usa","tag-miraistas-es","tag-redcross","tag-refugio","tag-voluntarios-es"],"acf":[],"_links":{"self":[{"href":"https:\/\/mirausa.net\/index.php?rest_route=\/wp\/v2\/posts\/8083","targetHints":{"allow":["GET"]}}],"collection":[{"href":"https:\/\/mirausa.net\/index.php?rest_route=\/wp\/v2\/posts"}],"about":[{"href":"https:\/\/mirausa.net\/index.php?rest_route=\/wp\/v2\/types\/post"}],"author":[{"embeddable":true,"href":"https:\/\/mirausa.net\/index.php?rest_route=\/wp\/v2\/users\/1"}],"replies":[{"embeddable":true,"href":"https:\/\/mirausa.net\/index.php?rest_route=%2Fwp%2Fv2%2Fcomments&post=8083"}],"version-history":[{"count":0,"href":"https:\/\/mirausa.net\/index.php?rest_route=\/wp\/v2\/posts\/8083\/revisions"}],"wp:featuredmedia":[{"embeddable":true,"href":"https:\/\/mirausa.net\/index.php?rest_route=\/"}],"wp:attachment":[{"href":"https:\/\/mirausa.net\/index.php?rest_route=%2Fwp%2Fv2%2Fmedia&parent=8083"}],"wp:term":[{"taxonomy":"category","embeddable":true,"href":"https:\/\/mirausa.net\/index.php?rest_route=%2Fwp%2Fv2%2Fcategories&post=8083"},{"taxonomy":"post_tag","embeddable":true,"href":"https:\/\/mirausa.net\/index.php?rest_route=%2Fwp%2Fv2%2Ftags&post=8083"}],"curies":[{"name":"wp","href":"https:\/\/api.w.org\/{rel}","templated":true}]}}